{"id":4127,"date":"2026-03-24T11:23:39","date_gmt":"2026-03-24T10:23:39","guid":{"rendered":"https:\/\/www.ccsholomouc.cz\/?p=4127"},"modified":"2026-03-24T11:37:13","modified_gmt":"2026-03-24T10:37:13","slug":"vystava-barevne-dny-slavka-kratka-synagoga-v-hranicich-29-3-30-4-2026","status":"publish","type":"post","link":"https:\/\/www.ccsholomouc.cz\/?p=4127","title":{"rendered":"V\u00fdstava &#8222;Barevn\u00e9 Dny&#8220; &#8211; Sl\u00e1vka Kr\u00e1tk\u00e1, Synagoga v Hranic\u00edch, 29. 3.-30. 4. 2026"},"content":{"rendered":"\n<style type=\"text\/css\" data-created_by=\"avia_inline_auto\" id=\"style-css-av-2b6rtr-adac57f983ead0ae050845c12e5682d6\">\n#top .avia-gallery.av-2b6rtr-adac57f983ead0ae050845c12e5682d6 .avia-gallery-thumb a{\nwidth:20%;\n}\n<\/style>\n<div  class='avia-gallery av-2b6rtr-adac57f983ead0ae050845c12e5682d6 avia_animate_when_visible  avia-builder-el-0  avia-builder-el-no-sibling  avia_lazyload avia-gallery-animate avia-gallery-1'  itemprop=\"image\" itemscope=\"itemscope\" itemtype=\"https:\/\/schema.org\/ImageObject\" ><meta itemprop=\"contentURL\" content=\"https:\/\/www.ccsholomouc.cz\/?p=4127\"><div class='avia-gallery-thumb'><a href=\"https:\/\/www.ccsholomouc.cz\/wp-content\/uploads\/2026\/03\/GS_Barevne_dny_Slavka_Kratka-728x1030.jpg\" data-srcset=\"https:\/\/www.ccsholomouc.cz\/wp-content\/uploads\/2026\/03\/GS_Barevne_dny_Slavka_Kratka-728x1030.jpg 728w, https:\/\/www.ccsholomouc.cz\/wp-content\/uploads\/2026\/03\/GS_Barevne_dny_Slavka_Kratka-212x300.jpg 212w, https:\/\/www.ccsholomouc.cz\/wp-content\/uploads\/2026\/03\/GS_Barevne_dny_Slavka_Kratka-768x1086.jpg 768w, https:\/\/www.ccsholomouc.cz\/wp-content\/uploads\/2026\/03\/GS_Barevne_dny_Slavka_Kratka-1086x1536.jpg 1086w, https:\/\/www.ccsholomouc.cz\/wp-content\/uploads\/2026\/03\/GS_Barevne_dny_Slavka_Kratka-1448x2048.jpg 1448w, https:\/\/www.ccsholomouc.cz\/wp-content\/uploads\/2026\/03\/GS_Barevne_dny_Slavka_Kratka-1061x1500.jpg 1061w, https:\/\/www.ccsholomouc.cz\/wp-content\/uploads\/2026\/03\/GS_Barevne_dny_Slavka_Kratka-499x705.jpg 499w, https:\/\/www.ccsholomouc.cz\/wp-content\/uploads\/2026\/03\/GS_Barevne_dny_Slavka_Kratka.jpg 1754w\" data-sizes=\"(max-width: 728px) 100vw, 728px\" data-rel='gallery-1' data-prev-img='https:\/\/www.ccsholomouc.cz\/wp-content\/uploads\/2026\/03\/GS_Barevne_dny_Slavka_Kratka-495x400.jpg' class='first_thumb lightbox ' data-onclick='1' title='Sl\u00e1vka Kr\u00e1tk\u00e1, Barevn\u00e9 Dny'  itemprop=\"thumbnailUrl\"  ><img decoding=\"async\" fetchpriority=\"high\" class=\"wp-image-4128 avia-img-lazy-loading-not-4128\"  data-avia-tooltip='Sl\u00e1vka Kr\u00e1tk\u00e1, Barevn\u00e9 Dny' src=\"https:\/\/www.ccsholomouc.cz\/wp-content\/uploads\/2026\/03\/GS_Barevne_dny_Slavka_Kratka-495x400.jpg\" width=\"495\" height=\"400\"  title='GS_Barevne_dny_Slavka_Kratka' alt='' srcset=\"https:\/\/www.ccsholomouc.cz\/wp-content\/uploads\/2026\/03\/GS_Barevne_dny_Slavka_Kratka-495x400.jpg 495w, https:\/\/www.ccsholomouc.cz\/wp-content\/uploads\/2026\/03\/GS_Barevne_dny_Slavka_Kratka-845x684.jpg 845w\" sizes=\"(max-width: 495px) 100vw, 495px\" \/><div class='big-prev-fake'><img decoding=\"async\" loading=\"lazy\" class=\"wp-image-4128 avia-img-lazy-loading-4128\"  width=\"495\" height=\"400\" src=\"https:\/\/www.ccsholomouc.cz\/wp-content\/uploads\/2026\/03\/GS_Barevne_dny_Slavka_Kratka-495x400.jpg\" title='GS_Barevne_dny_Slavka_Kratka' alt='' srcset=\"https:\/\/www.ccsholomouc.cz\/wp-content\/uploads\/2026\/03\/GS_Barevne_dny_Slavka_Kratka-495x400.jpg 495w, https:\/\/www.ccsholomouc.cz\/wp-content\/uploads\/2026\/03\/GS_Barevne_dny_Slavka_Kratka-845x684.jpg 845w\" sizes=\"auto, (max-width: 495px) 100vw, 495px\" \/><\/div><\/a><\/div><\/div>\n","protected":false},"excerpt":{"rendered":"","protected":false},"author":3,"featured_media":4128,"comment_status":"open","ping_status":"open","sticky":false,"template":"","format":"standard","meta":{"_price":"","_stock":"","_tribe_ticket_header":"","_tribe_default_ticket_provider":"","_tribe_ticket_capacity":"0","_ticket_start_date":"","_ticket_end_date":"","_tribe_ticket_show_description":"","_tribe_ticket_show_not_going":false,"_tribe_ticket_use_global_stock":"","_tribe_ticket_global_stock_level":"","_global_stock_mode":"","_global_stock_cap":"","_tribe_rsvp_for_event":"","_tribe_ticket_going_count":"","_tribe_ticket_not_going_count":"","_tribe_tickets_list":"[]","_tribe_ticket_has_attendee_info_fields":false,"footnotes":""},"categories":[23],"tags":[],"class_list":["post-4127","post","type-post","status-publish","format-standard","has-post-thumbnail","hentry","category-aktuality"],"_links":{"self":[{"href":"https:\/\/www.ccsholomouc.cz\/index.php?rest_route=\/wp\/v2\/posts\/4127","targetHints":{"allow":["GET"]}}],"collection":[{"href":"https:\/\/www.ccsholomouc.cz\/index.php?rest_route=\/wp\/v2\/posts"}],"about":[{"href":"https:\/\/www.ccsholomouc.cz\/index.php?rest_route=\/wp\/v2\/types\/post"}],"author":[{"embeddable":true,"href":"https:\/\/www.ccsholomouc.cz\/index.php?rest_route=\/wp\/v2\/users\/3"}],"replies":[{"embeddable":true,"href":"https:\/\/www.ccsholomouc.cz\/index.php?rest_route=%2Fwp%2Fv2%2Fcomments&post=4127"}],"version-history":[{"count":4,"href":"https:\/\/www.ccsholomouc.cz\/index.php?rest_route=\/wp\/v2\/posts\/4127\/revisions"}],"predecessor-version":[{"id":4130,"href":"https:\/\/www.ccsholomouc.cz\/index.php?rest_route=\/wp\/v2\/posts\/4127\/revisions\/4130"}],"wp:featuredmedia":[{"embeddable":true,"href":"https:\/\/www.ccsholomouc.cz\/index.php?rest_route=\/wp\/v2\/media\/4128"}],"wp:attachment":[{"href":"https:\/\/www.ccsholomouc.cz\/index.php?rest_route=%2Fwp%2Fv2%2Fmedia&parent=4127"}],"wp:term":[{"taxonomy":"category","embeddable":true,"href":"https:\/\/www.ccsholomouc.cz\/index.php?rest_route=%2Fwp%2Fv2%2Fcategories&post=4127"},{"taxonomy":"post_tag","embeddable":true,"href":"https:\/\/www.ccsholomouc.cz\/index.php?rest_route=%2Fwp%2Fv2%2Ftags&post=4127"}],"curies":[{"name":"wp","href":"https:\/\/api.w.org\/{rel}","templated":true}]}}