{"id":3751,"date":"2025-10-30T15:39:47","date_gmt":"2025-10-30T14:39:47","guid":{"rendered":"https:\/\/www.ccsholomouc.cz\/?p=3751"},"modified":"2025-10-30T15:59:23","modified_gmt":"2025-10-30T14:59:23","slug":"list-bratra-biskupa-tomase-chytila-k-pamatce-zesnulych","status":"publish","type":"post","link":"https:\/\/www.ccsholomouc.cz\/?p=3751","title":{"rendered":"List bratra biskupa Tom\u00e1\u0161e Chytila k Pam\u00e1tce zesnul\u00fdch"},"content":{"rendered":"\n<style type=\"text\/css\" data-created_by=\"avia_inline_auto\" id=\"style-css-av-1yksxz-fd54761790502d79484326cf42d69f43\">\n#top .avia-gallery.av-1yksxz-fd54761790502d79484326cf42d69f43 .avia-gallery-thumb a{\nwidth:20%;\n}\n<\/style>\n<div  class='avia-gallery av-1yksxz-fd54761790502d79484326cf42d69f43 avia_animate_when_visible  avia-builder-el-0  avia-builder-el-no-sibling  avia_lazyload avia-gallery-animate avia-gallery-1'  itemprop=\"image\" itemscope=\"itemscope\" itemtype=\"https:\/\/schema.org\/ImageObject\" ><meta itemprop=\"contentURL\" content=\"https:\/\/www.ccsholomouc.cz\/?p=3751\"><div class='avia-gallery-thumb'><a href=\"https:\/\/www.ccsholomouc.cz\/wp-content\/uploads\/2025\/10\/List-k-Pamatce-zesnulych-2025-728x1030.jpg\" data-srcset=\"https:\/\/www.ccsholomouc.cz\/wp-content\/uploads\/2025\/10\/List-k-Pamatce-zesnulych-2025-728x1030.jpg 728w, https:\/\/www.ccsholomouc.cz\/wp-content\/uploads\/2025\/10\/List-k-Pamatce-zesnulych-2025-212x300.jpg 212w, https:\/\/www.ccsholomouc.cz\/wp-content\/uploads\/2025\/10\/List-k-Pamatce-zesnulych-2025-768x1086.jpg 768w, https:\/\/www.ccsholomouc.cz\/wp-content\/uploads\/2025\/10\/List-k-Pamatce-zesnulych-2025-1086x1536.jpg 1086w, https:\/\/www.ccsholomouc.cz\/wp-content\/uploads\/2025\/10\/List-k-Pamatce-zesnulych-2025-1061x1500.jpg 1061w, https:\/\/www.ccsholomouc.cz\/wp-content\/uploads\/2025\/10\/List-k-Pamatce-zesnulych-2025-498x705.jpg 498w, https:\/\/www.ccsholomouc.cz\/wp-content\/uploads\/2025\/10\/List-k-Pamatce-zesnulych-2025.jpg 1190w\" data-sizes=\"(max-width: 728px) 100vw, 728px\" data-rel='gallery-1' data-prev-img='https:\/\/www.ccsholomouc.cz\/wp-content\/uploads\/2025\/10\/List-k-Pamatce-zesnulych-2025-495x400.jpg' class='first_thumb lightbox ' data-onclick='1' title='List k Pam\u00e1tce zesnul\u00fdch 2025'  itemprop=\"thumbnailUrl\"  ><img decoding=\"async\" fetchpriority=\"high\" class=\"wp-image-3752 avia-img-lazy-loading-not-3752\"  data-avia-tooltip='List k Pam\u00e1tce zesnul\u00fdch 2025' src=\"https:\/\/www.ccsholomouc.cz\/wp-content\/uploads\/2025\/10\/List-k-Pamatce-zesnulych-2025-495x400.jpg\" width=\"495\" height=\"400\"  title='List k Pamatce zesnulych 2025' alt='' srcset=\"https:\/\/www.ccsholomouc.cz\/wp-content\/uploads\/2025\/10\/List-k-Pamatce-zesnulych-2025-495x400.jpg 495w, https:\/\/www.ccsholomouc.cz\/wp-content\/uploads\/2025\/10\/List-k-Pamatce-zesnulych-2025-845x684.jpg 845w\" sizes=\"(max-width: 495px) 100vw, 495px\" \/><div class='big-prev-fake'><img decoding=\"async\" loading=\"lazy\" class=\"wp-image-3752 avia-img-lazy-loading-3752\"  width=\"495\" height=\"400\" src=\"https:\/\/www.ccsholomouc.cz\/wp-content\/uploads\/2025\/10\/List-k-Pamatce-zesnulych-2025-495x400.jpg\" title='List k Pamatce zesnulych 2025' alt='' srcset=\"https:\/\/www.ccsholomouc.cz\/wp-content\/uploads\/2025\/10\/List-k-Pamatce-zesnulych-2025-495x400.jpg 495w, https:\/\/www.ccsholomouc.cz\/wp-content\/uploads\/2025\/10\/List-k-Pamatce-zesnulych-2025-845x684.jpg 845w\" sizes=\"auto, (max-width: 495px) 100vw, 495px\" \/><\/div><\/a><\/div><\/div>\n<div class=\"x14z9mp xat24cr x1lziwak x1vvkbs xtlvy1s x126k92a\">\n<div dir=\"auto\">Sestry a brat\u0159i v Kristu,<\/p>\n<p>v t\u011bchto listopadov\u00fdch dnech, kdy i po\u010das\u00ed nahr\u00e1v\u00e1 tomu zam\u00fd\u0161let se nad smyslem \u017eivota, kdy se mlha sn\u00e1\u0161\u00ed na krajinu, list\u00ed hraj\u00edc\u00ed v\u0161emi barvami pad\u00e1 na zem a sv\u011bt zpomaluje, se na\u0161e srdce obracej\u00ed k t\u011bm, kte\u0159\u00ed n\u00e1s p\u0159ede\u0161li v n\u00e1pl\u0148 v\u011b\u010dnosti. Pam\u00e1tka zesnul\u00fdch nen\u00ed pro k\u0159es\u0165any jen dnem vzpom\u00ednek, ale i hlubok\u00fdm duchovn\u00edm zastaven\u00edm. Je to chv\u00edle, kdy se pt\u00e1me: co z\u016fst\u00e1v\u00e1, kdy\u017e odejde \u010dlov\u011bk? Co p\u0159etrv\u00e1, kdy\u017e se zd\u00e1, \u017ee most mezi n\u00e1mi a na\u0161imi bl\u00edzk\u00fdmi byl zni\u010den?<\/p><\/div>\n<\/div>\n<div class=\"x14z9mp xat24cr x1lziwak x1vvkbs xtlvy1s x126k92a\">\n<div dir=\"auto\">\n<p>Most je od prad\u00e1vna symbolem spojen\u00ed \u2013 mezi lidmi, mezi b\u0159ehy, mezi sv\u011bty. Pokud dojde k jeho zbo\u0159en\u00ed, m\u016f\u017ee b\u00fdt naopak obrazem bolesti, ztr\u00e1ty, nepochopen\u00ed. M\u016f\u017ee p\u0159ipom\u00ednat, \u017ee smrt p\u0159eru\u0161ila cestu, kterou jsme cht\u011bli j\u00edt spole\u010dn\u011b. Do tohoto pocitu ztr\u00e1ty existence zazn\u00edv\u00e1 k\u0159es\u0165ansk\u00e9 poselstv\u00ed s neoby\u010dejnou silou: Kristus se stal mostem, kter\u00fd nelze zni\u010dit.<\/p>\n<p>Po cel\u00fd \u017eivot se u\u010d\u00edme lou\u010dit i setk\u00e1vat, ztr\u00e1cet a nal\u00e9zat. Smrt je fat\u00e1ln\u00edm bodem, kdy c\u00edt\u00edme pochybnosti a nejistotu. D\u00edky za ty, kte\u0159\u00ed znaj\u00ed um\u011bn\u00ed prov\u00e9zt bl\u00edzk\u00e9, p\u0159\u00e1tele a zn\u00e1m\u00e9 \u010dasem bolesti a smutku ze ztr\u00e1ty bl\u00edzk\u00e9ho \u010dlov\u011bka. Z\u016fst\u00e1vaj\u00ed a jsou k dispozici. Projevit soucit nen\u00ed slabost. Stane se, \u017ee sv\u00fdm kon\u00e1n\u00edm napom\u00e1h\u00e1me sp\u00ed\u0161e bo\u0159it a ni\u010dit, a nakonec i zbo\u0159en\u00ed star\u00e9ho a nefunk\u010dn\u00edho m\u016f\u017ee m\u00edt sv\u016fj smysl, ale \u010dlov\u011bk p\u0159irozen\u011b tou\u017e\u00ed po obnov\u011b a n\u00e1prav\u011b, je\u017e nal\u00e9z\u00e1me v odpu\u0161t\u011bn\u00ed a sm\u00ed\u0159en\u00ed. Postavit znovu mohutnou klenbu pochopen\u00ed a svornosti je velk\u00fdm a cenn\u00fdm d\u00edlem.<\/p>\n<p>Vybavuj\u00ed se mi i slova kr\u00e1sn\u00e9 p\u00edsn\u011b Simona a Garfunkela: &#8222;Like a bridge over troubled water, I will lay me down.&#8220; (Jako most p\u0159es rozbou\u0159en\u00e9 vody, polo\u017e\u00edm se.) Tento song jist\u011b net\u0159eba p\u0159edstavovat, melodie je konej\u0161iv\u00e1 i nal\u00e9hav\u00e1, n\u011b\u017en\u00e1 a poutav\u00e1. Text vyjad\u0159uje odhodl\u00e1n\u00ed, v\u00e1\u017en\u00fd z\u00e1vazek podpo\u0159it osobu c\u00edt\u00edc\u00ed se smutn\u011b, vy\u010derpan\u011b, ztracen\u011b.<\/p>\n<p>Pam\u00e1tka zesnul\u00fdch je dnem, kdy se sna\u017e\u00edme t\u0159eba i o symbolickou n\u00e1pravu \u2013 zap\u00e1len\u00edm sv\u00ed\u010dek, n\u00e1v\u0161t\u011bvou hrob\u016f, modlitbami. V hloubi du\u0161e tou\u017e\u00edme nav\u00e1zat kontakt, obnovit smrt\u00ed p\u0159eru\u0161en\u00e9 pouto, zhojit star\u00e9 r\u00e1ny. Jde o znamen\u00ed, \u017ee svazky l\u00e1sky, kter\u00e9 jsme s na\u0161imi zesnul\u00fdmi budovali, nebyly zni\u010deny, ale vedou d\u00e1l, za hranici smrti, a \u017ee se jednou setk\u00e1me v Bo\u017e\u00ed bl\u00edzkosti.<\/p>\n<p>Vyzn\u00e1v\u00e1me, \u017ee sv\u011btlo Kristovo sv\u00edt\u00ed i tam, kde lidsk\u00e9 o\u010di vid\u00ed jen tmu. Bo\u017e\u00ed l\u00e1ska p\u0159eklenula propast mezi Bohem a \u010dlov\u011bkem. Kristus je Prost\u0159edn\u00edkem: \u201eJ\u00e1 jsem cesta, pravda a \u017eivot. Nikdo nep\u0159ich\u00e1z\u00ed k Otci ne\u017e skrze mne.\u201c (J 14,6)<\/p>\n<p>Mil\u00ed p\u0159\u00e1tel\u00e9, nezapom\u00ednejme v t\u011bchto dnech d\u011bkovat. Za \u017eivot, kter\u00fd jsme mohli sd\u00edlet. Za v\u00edru, kter\u00e1 n\u00e1s sjednocuje. Za Krista, jeho\u017e ob\u011b\u0165 p\u0159edstavuje l\u00e1sku siln\u011bj\u0161\u00ed ne\u017e smrt. On je Alfa i Omega, po\u010d\u00e1tek i konec. Jak \u0159\u00edk\u00e1 apo\u0161tol Pavel: \u201eSmrt je pohlcena, B\u016fh zv\u00edt\u011bzil!&#8220; (1 K 15,54)<\/p>\n<p>S modlitbou a po\u017eehn\u00e1n\u00edm<\/p>\n<p>Tom\u00e1\u0161 Chytil<\/p>\n<\/div>\n<\/div>\n","protected":false},"excerpt":{"rendered":"<p>Sestry a brat\u0159i v Kristu, v t\u011bchto listopadov\u00fdch dnech, kdy i po\u010das\u00ed nahr\u00e1v\u00e1 tomu zam\u00fd\u0161let se nad smyslem \u017eivota, kdy se mlha sn\u00e1\u0161\u00ed na krajinu, list\u00ed hraj\u00edc\u00ed v\u0161emi barvami pad\u00e1 [&hellip;]<\/p>\n","protected":false},"author":3,"featured_media":3752,"comment_status":"open","ping_status":"open","sticky":false,"template":"","format":"standard","meta":{"_price":"","_stock":"","_tribe_ticket_header":"","_tribe_default_ticket_provider":"","_tribe_ticket_capacity":"0","_ticket_start_date":"","_ticket_end_date":"","_tribe_ticket_show_description":"","_tribe_ticket_show_not_going":false,"_tribe_ticket_use_global_stock":"","_tribe_ticket_global_stock_level":"","_global_stock_mode":"","_global_stock_cap":"","_tribe_rsvp_for_event":"","_tribe_ticket_going_count":"","_tribe_ticket_not_going_count":"","_tribe_tickets_list":"[]","_tribe_ticket_has_attendee_info_fields":false,"footnotes":""},"categories":[23],"tags":[],"class_list":["post-3751","post","type-post","status-publish","format-standard","has-post-thumbnail","hentry","category-aktuality"],"_links":{"self":[{"href":"https:\/\/www.ccsholomouc.cz\/index.php?rest_route=\/wp\/v2\/posts\/3751","targetHints":{"allow":["GET"]}}],"collection":[{"href":"https:\/\/www.ccsholomouc.cz\/index.php?rest_route=\/wp\/v2\/posts"}],"about":[{"href":"https:\/\/www.ccsholomouc.cz\/index.php?rest_route=\/wp\/v2\/types\/post"}],"author":[{"embeddable":true,"href":"https:\/\/www.ccsholomouc.cz\/index.php?rest_route=\/wp\/v2\/users\/3"}],"replies":[{"embeddable":true,"href":"https:\/\/www.ccsholomouc.cz\/index.php?rest_route=%2Fwp%2Fv2%2Fcomments&post=3751"}],"version-history":[{"count":5,"href":"https:\/\/www.ccsholomouc.cz\/index.php?rest_route=\/wp\/v2\/posts\/3751\/revisions"}],"predecessor-version":[{"id":3755,"href":"https:\/\/www.ccsholomouc.cz\/index.php?rest_route=\/wp\/v2\/posts\/3751\/revisions\/3755"}],"wp:featuredmedia":[{"embeddable":true,"href":"https:\/\/www.ccsholomouc.cz\/index.php?rest_route=\/wp\/v2\/media\/3752"}],"wp:attachment":[{"href":"https:\/\/www.ccsholomouc.cz\/index.php?rest_route=%2Fwp%2Fv2%2Fmedia&parent=3751"}],"wp:term":[{"taxonomy":"category","embeddable":true,"href":"https:\/\/www.ccsholomouc.cz\/index.php?rest_route=%2Fwp%2Fv2%2Fcategories&post=3751"},{"taxonomy":"post_tag","embeddable":true,"href":"https:\/\/www.ccsholomouc.cz\/index.php?rest_route=%2Fwp%2Fv2%2Ftags&post=3751"}],"curies":[{"name":"wp","href":"https:\/\/api.w.org\/{rel}","templated":true}]}}