{"id":3672,"date":"2025-09-08T09:57:57","date_gmt":"2025-09-08T07:57:57","guid":{"rendered":"https:\/\/www.ccsholomouc.cz\/?p=3672"},"modified":"2025-09-08T09:59:18","modified_gmt":"2025-09-08T07:59:18","slug":"vernisaz-vystavy-fotografii-alese-mlynare-s-nazvem-mista-pameti-se-zahajenim-18-zari-v-17-hod-v-synagoze-v-hranicich-potrva-do-31-rijna-2025","status":"publish","type":"post","link":"https:\/\/www.ccsholomouc.cz\/?p=3672","title":{"rendered":"Vernis\u00e1\u017e v\u00fdstavy fotografi\u00ed Ale\u0161e Mlyn\u00e1\u0159e s n\u00e1zvem &#8222;M\u00edsta pam\u011bti&#8220; se zah\u00e1jen\u00edm 18. z\u00e1\u0159\u00ed v 17 hod. v synagoze v Hranic\u00edch, potrv\u00e1 do 31. \u0159\u00edjna 2025"},"content":{"rendered":"\n<style type=\"text\/css\" data-created_by=\"avia_inline_auto\" id=\"style-css-av-301e9k-bd76742571de6c61c40932024467efbc\">\n#top .avia-gallery.av-301e9k-bd76742571de6c61c40932024467efbc .avia-gallery-thumb a{\nwidth:20%;\n}\n<\/style>\n<div  class='avia-gallery av-301e9k-bd76742571de6c61c40932024467efbc avia_animate_when_visible  avia-builder-el-0  avia-builder-el-no-sibling  avia_lazyload avia-gallery-animate avia-gallery-1'  itemprop=\"image\" itemscope=\"itemscope\" itemtype=\"https:\/\/schema.org\/ImageObject\" ><meta itemprop=\"contentURL\" content=\"https:\/\/www.ccsholomouc.cz\/?p=3672\"><div class='avia-gallery-thumb'><a href=\"https:\/\/www.ccsholomouc.cz\/wp-content\/uploads\/2025\/09\/Ales-Mynar-Mista-pameti-pozvanka-728x1030.jpeg\" data-srcset=\"https:\/\/www.ccsholomouc.cz\/wp-content\/uploads\/2025\/09\/Ales-Mynar-Mista-pameti-pozvanka-728x1030.jpeg 728w, https:\/\/www.ccsholomouc.cz\/wp-content\/uploads\/2025\/09\/Ales-Mynar-Mista-pameti-pozvanka-212x300.jpeg 212w, https:\/\/www.ccsholomouc.cz\/wp-content\/uploads\/2025\/09\/Ales-Mynar-Mista-pameti-pozvanka-768x1086.jpeg 768w, https:\/\/www.ccsholomouc.cz\/wp-content\/uploads\/2025\/09\/Ales-Mynar-Mista-pameti-pozvanka-1086x1536.jpeg 1086w, https:\/\/www.ccsholomouc.cz\/wp-content\/uploads\/2025\/09\/Ales-Mynar-Mista-pameti-pozvanka-1448x2048.jpeg 1448w, https:\/\/www.ccsholomouc.cz\/wp-content\/uploads\/2025\/09\/Ales-Mynar-Mista-pameti-pozvanka-1061x1500.jpeg 1061w, https:\/\/www.ccsholomouc.cz\/wp-content\/uploads\/2025\/09\/Ales-Mynar-Mista-pameti-pozvanka-498x705.jpeg 498w, https:\/\/www.ccsholomouc.cz\/wp-content\/uploads\/2025\/09\/Ales-Mynar-Mista-pameti-pozvanka-scaled.jpeg 1810w\" data-sizes=\"(max-width: 728px) 100vw, 728px\" data-rel='gallery-1' data-prev-img='https:\/\/www.ccsholomouc.cz\/wp-content\/uploads\/2025\/09\/Ales-Mynar-Mista-pameti-pozvanka-495x400.jpeg' class='first_thumb lightbox ' data-onclick='1' title='Ale\u0161 Myn\u00e1\u0159 &#8211; M\u00edsta pam\u011bti, pozv\u00e1nka'  itemprop=\"thumbnailUrl\"  ><img decoding=\"async\" fetchpriority=\"high\" class=\"wp-image-3674 avia-img-lazy-loading-not-3674\"  data-avia-tooltip='Ale\u0161 Myn\u00e1\u0159 &#8211; M\u00edsta pam\u011bti, pozv\u00e1nka' src=\"https:\/\/www.ccsholomouc.cz\/wp-content\/uploads\/2025\/09\/Ales-Mynar-Mista-pameti-pozvanka-495x400.jpeg\" width=\"495\" height=\"400\"  title='Ale\u0161 Myn\u00e1\u0159 - M\u00edsta pam\u011bti, pozv\u00e1nka' alt='' srcset=\"https:\/\/www.ccsholomouc.cz\/wp-content\/uploads\/2025\/09\/Ales-Mynar-Mista-pameti-pozvanka-495x400.jpeg 495w, https:\/\/www.ccsholomouc.cz\/wp-content\/uploads\/2025\/09\/Ales-Mynar-Mista-pameti-pozvanka-845x684.jpeg 845w\" sizes=\"(max-width: 495px) 100vw, 495px\" \/><div class='big-prev-fake'><img decoding=\"async\" loading=\"lazy\" class=\"wp-image-3674 avia-img-lazy-loading-3674\"  width=\"495\" height=\"400\" src=\"https:\/\/www.ccsholomouc.cz\/wp-content\/uploads\/2025\/09\/Ales-Mynar-Mista-pameti-pozvanka-495x400.jpeg\" title='Ale\u0161 Myn\u00e1\u0159 - M\u00edsta pam\u011bti, pozv\u00e1nka' alt='' srcset=\"https:\/\/www.ccsholomouc.cz\/wp-content\/uploads\/2025\/09\/Ales-Mynar-Mista-pameti-pozvanka-495x400.jpeg 495w, https:\/\/www.ccsholomouc.cz\/wp-content\/uploads\/2025\/09\/Ales-Mynar-Mista-pameti-pozvanka-845x684.jpeg 845w\" sizes=\"auto, (max-width: 495px) 100vw, 495px\" \/><\/div><\/a><\/div><\/div>\n","protected":false},"excerpt":{"rendered":"","protected":false},"author":3,"featured_media":3675,"comment_status":"open","ping_status":"open","sticky":false,"template":"","format":"standard","meta":{"_price":"","_stock":"","_tribe_ticket_header":"","_tribe_default_ticket_provider":"","_tribe_ticket_capacity":"0","_ticket_start_date":"","_ticket_end_date":"","_tribe_ticket_show_description":"","_tribe_ticket_show_not_going":false,"_tribe_ticket_use_global_stock":"","_tribe_ticket_global_stock_level":"","_global_stock_mode":"","_global_stock_cap":"","_tribe_rsvp_for_event":"","_tribe_ticket_going_count":"","_tribe_ticket_not_going_count":"","_tribe_tickets_list":"[]","_tribe_ticket_has_attendee_info_fields":false,"footnotes":""},"categories":[23],"tags":[],"class_list":["post-3672","post","type-post","status-publish","format-standard","has-post-thumbnail","hentry","category-aktuality"],"_links":{"self":[{"href":"https:\/\/www.ccsholomouc.cz\/index.php?rest_route=\/wp\/v2\/posts\/3672","targetHints":{"allow":["GET"]}}],"collection":[{"href":"https:\/\/www.ccsholomouc.cz\/index.php?rest_route=\/wp\/v2\/posts"}],"about":[{"href":"https:\/\/www.ccsholomouc.cz\/index.php?rest_route=\/wp\/v2\/types\/post"}],"author":[{"embeddable":true,"href":"https:\/\/www.ccsholomouc.cz\/index.php?rest_route=\/wp\/v2\/users\/3"}],"replies":[{"embeddable":true,"href":"https:\/\/www.ccsholomouc.cz\/index.php?rest_route=%2Fwp%2Fv2%2Fcomments&post=3672"}],"version-history":[{"count":3,"href":"https:\/\/www.ccsholomouc.cz\/index.php?rest_route=\/wp\/v2\/posts\/3672\/revisions"}],"predecessor-version":[{"id":3677,"href":"https:\/\/www.ccsholomouc.cz\/index.php?rest_route=\/wp\/v2\/posts\/3672\/revisions\/3677"}],"wp:featuredmedia":[{"embeddable":true,"href":"https:\/\/www.ccsholomouc.cz\/index.php?rest_route=\/wp\/v2\/media\/3675"}],"wp:attachment":[{"href":"https:\/\/www.ccsholomouc.cz\/index.php?rest_route=%2Fwp%2Fv2%2Fmedia&parent=3672"}],"wp:term":[{"taxonomy":"category","embeddable":true,"href":"https:\/\/www.ccsholomouc.cz\/index.php?rest_route=%2Fwp%2Fv2%2Fcategories&post=3672"},{"taxonomy":"post_tag","embeddable":true,"href":"https:\/\/www.ccsholomouc.cz\/index.php?rest_route=%2Fwp%2Fv2%2Ftags&post=3672"}],"curies":[{"name":"wp","href":"https:\/\/api.w.org\/{rel}","templated":true}]}}