{"id":3657,"date":"2025-09-01T09:02:01","date_gmt":"2025-09-01T07:02:01","guid":{"rendered":"https:\/\/www.ccsholomouc.cz\/?p=3657"},"modified":"2025-09-08T09:05:11","modified_gmt":"2025-09-08T07:05:11","slug":"aktualni-ekologicka-temata-v-kontextu-soucasne-teologicke-reflexe-11-zari-2025-v-husove-sboru-olomouc","status":"publish","type":"post","link":"https:\/\/www.ccsholomouc.cz\/?p=3657","title":{"rendered":"Aktu\u00e1ln\u00ed ekologick\u00e1 t\u00e9mata v kontextu sou\u010dasn\u00e9 teologick\u00e9 reflexe, 11. z\u00e1\u0159\u00ed 2025 v Husov\u011b sboru Olomouc"},"content":{"rendered":"\n<style type=\"text\/css\" data-created_by=\"avia_inline_auto\" id=\"style-css-av-1wyi3t-642ab650efae06eb1ea9527b3b52a680\">\n#top .avia-gallery.av-1wyi3t-642ab650efae06eb1ea9527b3b52a680 .avia-gallery-thumb a{\nwidth:20%;\n}\n<\/style>\n<div  class='avia-gallery av-1wyi3t-642ab650efae06eb1ea9527b3b52a680 avia_animate_when_visible  avia-builder-el-0  avia-builder-el-no-sibling  avia_lazyload avia-gallery-animate avia-gallery-1'  itemprop=\"image\" itemscope=\"itemscope\" itemtype=\"https:\/\/schema.org\/ImageObject\" ><meta itemprop=\"contentURL\" content=\"https:\/\/www.ccsholomouc.cz\/?p=3657\"><div class='avia-gallery-thumb'><a href=\"https:\/\/www.ccsholomouc.cz\/wp-content\/uploads\/2025\/09\/Priloha-c.-2_Pozvanka-Kolokvium-v-Olomouci-1030x709.jpg\" data-srcset=\"https:\/\/www.ccsholomouc.cz\/wp-content\/uploads\/2025\/09\/Priloha-c.-2_Pozvanka-Kolokvium-v-Olomouci-1030x709.jpg 1030w, https:\/\/www.ccsholomouc.cz\/wp-content\/uploads\/2025\/09\/Priloha-c.-2_Pozvanka-Kolokvium-v-Olomouci-300x207.jpg 300w, https:\/\/www.ccsholomouc.cz\/wp-content\/uploads\/2025\/09\/Priloha-c.-2_Pozvanka-Kolokvium-v-Olomouci-768x529.jpg 768w, https:\/\/www.ccsholomouc.cz\/wp-content\/uploads\/2025\/09\/Priloha-c.-2_Pozvanka-Kolokvium-v-Olomouci-1536x1057.jpg 1536w, https:\/\/www.ccsholomouc.cz\/wp-content\/uploads\/2025\/09\/Priloha-c.-2_Pozvanka-Kolokvium-v-Olomouci-2048x1410.jpg 2048w, https:\/\/www.ccsholomouc.cz\/wp-content\/uploads\/2025\/09\/Priloha-c.-2_Pozvanka-Kolokvium-v-Olomouci-1500x1033.jpg 1500w, https:\/\/www.ccsholomouc.cz\/wp-content\/uploads\/2025\/09\/Priloha-c.-2_Pozvanka-Kolokvium-v-Olomouci-705x485.jpg 705w\" data-sizes=\"(max-width: 1030px) 100vw, 1030px\" data-rel='gallery-1' data-prev-img='https:\/\/www.ccsholomouc.cz\/wp-content\/uploads\/2025\/09\/Priloha-c.-2_Pozvanka-Kolokvium-v-Olomouci-495x400.jpg' class='first_thumb lightbox ' data-onclick='1' title='Aktu\u00e1ln\u00ed ekologick\u00e1 t\u00e9mata v kontextu sou\u010dasn\u00e9 teologick\u00e9 reflexe'  itemprop=\"thumbnailUrl\"  ><img decoding=\"async\" fetchpriority=\"high\" class=\"wp-image-3660 avia-img-lazy-loading-not-3660\"  data-avia-tooltip='Aktu\u00e1ln\u00ed ekologick\u00e1 t\u00e9mata v kontextu sou\u010dasn\u00e9 teologick\u00e9 reflexe' src=\"https:\/\/www.ccsholomouc.cz\/wp-content\/uploads\/2025\/09\/Priloha-c.-2_Pozvanka-Kolokvium-v-Olomouci-495x400.jpg\" width=\"495\" height=\"400\"  title='Aktu\u00e1ln\u00ed ekologick\u00e1 t\u00e9mata v kontextu sou\u010dasn\u00e9 teologick\u00e9 reflexe' alt='' srcset=\"https:\/\/www.ccsholomouc.cz\/wp-content\/uploads\/2025\/09\/Priloha-c.-2_Pozvanka-Kolokvium-v-Olomouci-495x400.jpg 495w, https:\/\/www.ccsholomouc.cz\/wp-content\/uploads\/2025\/09\/Priloha-c.-2_Pozvanka-Kolokvium-v-Olomouci-845x684.jpg 845w\" sizes=\"(max-width: 495px) 100vw, 495px\" \/><div class='big-prev-fake'><img decoding=\"async\" loading=\"lazy\" class=\"wp-image-3660 avia-img-lazy-loading-3660\"  width=\"495\" height=\"400\" src=\"https:\/\/www.ccsholomouc.cz\/wp-content\/uploads\/2025\/09\/Priloha-c.-2_Pozvanka-Kolokvium-v-Olomouci-495x400.jpg\" title='Aktu\u00e1ln\u00ed ekologick\u00e1 t\u00e9mata v kontextu sou\u010dasn\u00e9 teologick\u00e9 reflexe' alt='' srcset=\"https:\/\/www.ccsholomouc.cz\/wp-content\/uploads\/2025\/09\/Priloha-c.-2_Pozvanka-Kolokvium-v-Olomouci-495x400.jpg 495w, https:\/\/www.ccsholomouc.cz\/wp-content\/uploads\/2025\/09\/Priloha-c.-2_Pozvanka-Kolokvium-v-Olomouci-845x684.jpg 845w\" sizes=\"auto, (max-width: 495px) 100vw, 495px\" \/><\/div><\/a><\/div><\/div>\n","protected":false},"excerpt":{"rendered":"","protected":false},"author":3,"featured_media":3661,"comment_status":"open","ping_status":"open","sticky":false,"template":"","format":"standard","meta":{"_price":"","_stock":"","_tribe_ticket_header":"","_tribe_default_ticket_provider":"","_tribe_ticket_capacity":"0","_ticket_start_date":"","_ticket_end_date":"","_tribe_ticket_show_description":"","_tribe_ticket_show_not_going":false,"_tribe_ticket_use_global_stock":"","_tribe_ticket_global_stock_level":"","_global_stock_mode":"","_global_stock_cap":"","_tribe_rsvp_for_event":"","_tribe_ticket_going_count":"","_tribe_ticket_not_going_count":"","_tribe_tickets_list":"[]","_tribe_ticket_has_attendee_info_fields":false,"footnotes":""},"categories":[23],"tags":[],"class_list":["post-3657","post","type-post","status-publish","format-standard","has-post-thumbnail","hentry","category-aktuality"],"_links":{"self":[{"href":"https:\/\/www.ccsholomouc.cz\/index.php?rest_route=\/wp\/v2\/posts\/3657","targetHints":{"allow":["GET"]}}],"collection":[{"href":"https:\/\/www.ccsholomouc.cz\/index.php?rest_route=\/wp\/v2\/posts"}],"about":[{"href":"https:\/\/www.ccsholomouc.cz\/index.php?rest_route=\/wp\/v2\/types\/post"}],"author":[{"embeddable":true,"href":"https:\/\/www.ccsholomouc.cz\/index.php?rest_route=\/wp\/v2\/users\/3"}],"replies":[{"embeddable":true,"href":"https:\/\/www.ccsholomouc.cz\/index.php?rest_route=%2Fwp%2Fv2%2Fcomments&post=3657"}],"version-history":[{"count":2,"href":"https:\/\/www.ccsholomouc.cz\/index.php?rest_route=\/wp\/v2\/posts\/3657\/revisions"}],"predecessor-version":[{"id":3665,"href":"https:\/\/www.ccsholomouc.cz\/index.php?rest_route=\/wp\/v2\/posts\/3657\/revisions\/3665"}],"wp:featuredmedia":[{"embeddable":true,"href":"https:\/\/www.ccsholomouc.cz\/index.php?rest_route=\/wp\/v2\/media\/3661"}],"wp:attachment":[{"href":"https:\/\/www.ccsholomouc.cz\/index.php?rest_route=%2Fwp%2Fv2%2Fmedia&parent=3657"}],"wp:term":[{"taxonomy":"category","embeddable":true,"href":"https:\/\/www.ccsholomouc.cz\/index.php?rest_route=%2Fwp%2Fv2%2Fcategories&post=3657"},{"taxonomy":"post_tag","embeddable":true,"href":"https:\/\/www.ccsholomouc.cz\/index.php?rest_route=%2Fwp%2Fv2%2Ftags&post=3657"}],"curies":[{"name":"wp","href":"https:\/\/api.w.org\/{rel}","templated":true}]}}