{"id":3336,"date":"2025-04-24T18:09:03","date_gmt":"2025-04-24T16:09:03","guid":{"rendered":"https:\/\/www.ccsholomouc.cz\/?p=3336"},"modified":"2025-04-24T18:09:03","modified_gmt":"2025-04-24T16:09:03","slug":"ekumenicka-bohosluzba-ve-sboru-ccsh-v-dubicku-10-kvetna-v-10-hod","status":"publish","type":"post","link":"https:\/\/www.ccsholomouc.cz\/?p=3336","title":{"rendered":"Ekumenick\u00e1 bohoslu\u017eba ve sboru C\u010cSH v Dubicku, 10. kv\u011btna v 10 hod."},"content":{"rendered":"\n<style type=\"text\/css\" data-created_by=\"avia_inline_auto\" id=\"style-css-av-2fk2so-e3a4b03b14fd1ac570638d1715bdbe3b\">\n#top .avia-gallery.av-2fk2so-e3a4b03b14fd1ac570638d1715bdbe3b .avia-gallery-thumb a{\nwidth:20%;\n}\n<\/style>\n<div  class='avia-gallery av-2fk2so-e3a4b03b14fd1ac570638d1715bdbe3b avia_animate_when_visible  avia-builder-el-0  avia-builder-el-no-sibling  avia_lazyload avia-gallery-animate avia-gallery-1'  itemprop=\"image\" itemscope=\"itemscope\" itemtype=\"https:\/\/schema.org\/ImageObject\" ><meta itemprop=\"contentURL\" content=\"https:\/\/www.ccsholomouc.cz\/?p=3336\"><div class='avia-gallery-thumb'><a href=\"https:\/\/www.ccsholomouc.cz\/wp-content\/uploads\/2025\/04\/Ekumenicka-bohosluzba-v-Dubicku-728x1030.jpg\" data-srcset=\"https:\/\/www.ccsholomouc.cz\/wp-content\/uploads\/2025\/04\/Ekumenicka-bohosluzba-v-Dubicku-728x1030.jpg 728w, https:\/\/www.ccsholomouc.cz\/wp-content\/uploads\/2025\/04\/Ekumenicka-bohosluzba-v-Dubicku-212x300.jpg 212w, https:\/\/www.ccsholomouc.cz\/wp-content\/uploads\/2025\/04\/Ekumenicka-bohosluzba-v-Dubicku-768x1086.jpg 768w, https:\/\/www.ccsholomouc.cz\/wp-content\/uploads\/2025\/04\/Ekumenicka-bohosluzba-v-Dubicku-1086x1536.jpg 1086w, https:\/\/www.ccsholomouc.cz\/wp-content\/uploads\/2025\/04\/Ekumenicka-bohosluzba-v-Dubicku-1448x2048.jpg 1448w, https:\/\/www.ccsholomouc.cz\/wp-content\/uploads\/2025\/04\/Ekumenicka-bohosluzba-v-Dubicku-1061x1500.jpg 1061w, https:\/\/www.ccsholomouc.cz\/wp-content\/uploads\/2025\/04\/Ekumenicka-bohosluzba-v-Dubicku-499x705.jpg 499w, https:\/\/www.ccsholomouc.cz\/wp-content\/uploads\/2025\/04\/Ekumenicka-bohosluzba-v-Dubicku-scaled.jpg 1810w\" data-sizes=\"(max-width: 728px) 100vw, 728px\" data-rel='gallery-1' data-prev-img='https:\/\/www.ccsholomouc.cz\/wp-content\/uploads\/2025\/04\/Ekumenicka-bohosluzba-v-Dubicku-495x400.jpg' class='first_thumb lightbox ' data-onclick='1' title='Ekumenick\u00e1 bohoslu\u017eba v Dubicku'  itemprop=\"thumbnailUrl\"  ><img decoding=\"async\" fetchpriority=\"high\" class=\"wp-image-3337 avia-img-lazy-loading-not-3337\"  data-avia-tooltip='Ekumenick\u00e1 bohoslu\u017eba v Dubicku' src=\"https:\/\/www.ccsholomouc.cz\/wp-content\/uploads\/2025\/04\/Ekumenicka-bohosluzba-v-Dubicku-495x400.jpg\" width=\"495\" height=\"400\"  title='Ekumenicka bohosluzba v Dubicku' alt='' srcset=\"https:\/\/www.ccsholomouc.cz\/wp-content\/uploads\/2025\/04\/Ekumenicka-bohosluzba-v-Dubicku-495x400.jpg 495w, https:\/\/www.ccsholomouc.cz\/wp-content\/uploads\/2025\/04\/Ekumenicka-bohosluzba-v-Dubicku-845x684.jpg 845w\" sizes=\"(max-width: 495px) 100vw, 495px\" \/><div class='big-prev-fake'><img decoding=\"async\" loading=\"lazy\" class=\"wp-image-3337 avia-img-lazy-loading-3337\"  width=\"495\" height=\"400\" src=\"https:\/\/www.ccsholomouc.cz\/wp-content\/uploads\/2025\/04\/Ekumenicka-bohosluzba-v-Dubicku-495x400.jpg\" title='Ekumenicka bohosluzba v Dubicku' alt='' srcset=\"https:\/\/www.ccsholomouc.cz\/wp-content\/uploads\/2025\/04\/Ekumenicka-bohosluzba-v-Dubicku-495x400.jpg 495w, https:\/\/www.ccsholomouc.cz\/wp-content\/uploads\/2025\/04\/Ekumenicka-bohosluzba-v-Dubicku-845x684.jpg 845w\" sizes=\"auto, (max-width: 495px) 100vw, 495px\" \/><\/div><\/a><\/div><\/div>\n","protected":false},"excerpt":{"rendered":"","protected":false},"author":3,"featured_media":3337,"comment_status":"open","ping_status":"open","sticky":false,"template":"","format":"standard","meta":{"_price":"","_stock":"","_tribe_ticket_header":"","_tribe_default_ticket_provider":"","_tribe_ticket_capacity":"0","_ticket_start_date":"","_ticket_end_date":"","_tribe_ticket_show_description":"","_tribe_ticket_show_not_going":false,"_tribe_ticket_use_global_stock":"","_tribe_ticket_global_stock_level":"","_global_stock_mode":"","_global_stock_cap":"","_tribe_rsvp_for_event":"","_tribe_ticket_going_count":"","_tribe_ticket_not_going_count":"","_tribe_tickets_list":"[]","_tribe_ticket_has_attendee_info_fields":false,"footnotes":""},"categories":[23],"tags":[],"class_list":["post-3336","post","type-post","status-publish","format-standard","has-post-thumbnail","hentry","category-aktuality"],"_links":{"self":[{"href":"https:\/\/www.ccsholomouc.cz\/index.php?rest_route=\/wp\/v2\/posts\/3336","targetHints":{"allow":["GET"]}}],"collection":[{"href":"https:\/\/www.ccsholomouc.cz\/index.php?rest_route=\/wp\/v2\/posts"}],"about":[{"href":"https:\/\/www.ccsholomouc.cz\/index.php?rest_route=\/wp\/v2\/types\/post"}],"author":[{"embeddable":true,"href":"https:\/\/www.ccsholomouc.cz\/index.php?rest_route=\/wp\/v2\/users\/3"}],"replies":[{"embeddable":true,"href":"https:\/\/www.ccsholomouc.cz\/index.php?rest_route=%2Fwp%2Fv2%2Fcomments&post=3336"}],"version-history":[{"count":2,"href":"https:\/\/www.ccsholomouc.cz\/index.php?rest_route=\/wp\/v2\/posts\/3336\/revisions"}],"predecessor-version":[{"id":3339,"href":"https:\/\/www.ccsholomouc.cz\/index.php?rest_route=\/wp\/v2\/posts\/3336\/revisions\/3339"}],"wp:featuredmedia":[{"embeddable":true,"href":"https:\/\/www.ccsholomouc.cz\/index.php?rest_route=\/wp\/v2\/media\/3337"}],"wp:attachment":[{"href":"https:\/\/www.ccsholomouc.cz\/index.php?rest_route=%2Fwp%2Fv2%2Fmedia&parent=3336"}],"wp:term":[{"taxonomy":"category","embeddable":true,"href":"https:\/\/www.ccsholomouc.cz\/index.php?rest_route=%2Fwp%2Fv2%2Fcategories&post=3336"},{"taxonomy":"post_tag","embeddable":true,"href":"https:\/\/www.ccsholomouc.cz\/index.php?rest_route=%2Fwp%2Fv2%2Ftags&post=3336"}],"curies":[{"name":"wp","href":"https:\/\/api.w.org\/{rel}","templated":true}]}}