{"id":3225,"date":"2025-03-07T09:44:05","date_gmt":"2025-03-07T08:44:05","guid":{"rendered":"https:\/\/www.ccsholomouc.cz\/?p=3225"},"modified":"2025-03-07T09:47:37","modified_gmt":"2025-03-07T08:47:37","slug":"pastyrsky-list-k-postu-2025","status":"publish","type":"post","link":"https:\/\/www.ccsholomouc.cz\/?p=3225","title":{"rendered":"Past\u00fd\u0159sk\u00fd list k postu 2025"},"content":{"rendered":"\n<style type=\"text\/css\" data-created_by=\"avia_inline_auto\" id=\"style-css-av-2lt4k9-2fbac64f97291c391678d3aa1535c979\">\n#top .avia-gallery.av-2lt4k9-2fbac64f97291c391678d3aa1535c979 .avia-gallery-thumb a{\nwidth:20%;\n}\n<\/style>\n<div  class='avia-gallery av-2lt4k9-2fbac64f97291c391678d3aa1535c979 avia_animate_when_visible  avia-builder-el-0  avia-builder-el-no-sibling  avia_lazyload avia-gallery-animate avia-gallery-1'  itemprop=\"image\" itemscope=\"itemscope\" itemtype=\"https:\/\/schema.org\/ImageObject\" ><meta itemprop=\"contentURL\" content=\"https:\/\/www.ccsholomouc.cz\/?p=3225\"><div class='avia-gallery-thumb'><a href=\"https:\/\/www.ccsholomouc.cz\/wp-content\/uploads\/2025\/03\/Pastyrsky-list-k-postu-bratra-biskupa.png\" data-srcset=\"https:\/\/www.ccsholomouc.cz\/wp-content\/uploads\/2025\/03\/Pastyrsky-list-k-postu-bratra-biskupa.png 595w, https:\/\/www.ccsholomouc.cz\/wp-content\/uploads\/2025\/03\/Pastyrsky-list-k-postu-bratra-biskupa-212x300.png 212w, https:\/\/www.ccsholomouc.cz\/wp-content\/uploads\/2025\/03\/Pastyrsky-list-k-postu-bratra-biskupa-499x705.png 499w\" data-sizes=\"(max-width: 595px) 100vw, 595px\" data-rel='gallery-1' data-prev-img='https:\/\/www.ccsholomouc.cz\/wp-content\/uploads\/2025\/03\/Pastyrsky-list-k-postu-bratra-biskupa-495x400.png' class='first_thumb lightbox ' data-onclick='1' title='Past\u00fd\u0159sk\u00fd list bratra biskupa k postu 2025'  itemprop=\"thumbnailUrl\"  ><img decoding=\"async\" fetchpriority=\"high\" class=\"wp-image-3226 avia-img-lazy-loading-not-3226\"  data-avia-tooltip='Past\u00fd\u0159sk\u00fd list bratra biskupa k postu 2025' src=\"https:\/\/www.ccsholomouc.cz\/wp-content\/uploads\/2025\/03\/Pastyrsky-list-k-postu-bratra-biskupa-495x400.png\" width=\"495\" height=\"400\"  title='Pastyrsky list k postu bratra biskupa' alt='' \/><div class='big-prev-fake'><img decoding=\"async\" loading=\"lazy\" class=\"wp-image-3226 avia-img-lazy-loading-3226\"  width=\"495\" height=\"400\" src=\"https:\/\/www.ccsholomouc.cz\/wp-content\/uploads\/2025\/03\/Pastyrsky-list-k-postu-bratra-biskupa-495x400.png\" title='Pastyrsky list k postu bratra biskupa' alt='' \/><\/div><\/a><\/div><\/div>\n<p><strong>Past\u00fd\u0159sk\u00fd list k postn\u00ed dob\u011b olomouck\u00e9ho bratra biskupa Tom\u00e1\u0161e Chytila:<\/strong><\/p>\n<div class=\"xdj266r x11i5rnm xat24cr x1mh8g0r x1vvkbs x126k92a\">\n<div dir=\"auto\">\n<p>Sestry a brat\u0159i,<\/p>\n<\/div>\n<\/div>\n<div class=\"x11i5rnm xat24cr x1mh8g0r x1vvkbs xtlvy1s x126k92a\">\n<div dir=\"auto\">\n<p>do postn\u00edho \u010dasu letos patrn\u011b vstupujeme rozechv\u011bni politickou, spole\u010denskou, kulturn\u00ed i n\u00e1bo\u017eenskou situac\u00ed tohoto sv\u011bta. D\u00e1le je nutno p\u0159ipo\u010d\u00edst osobn\u00ed nastaven\u00ed ka\u017ed\u00e9ho z n\u00e1s; pl\u00e1ny, preference, rozhodnut\u00ed, sm\u011b\u0159ov\u00e1n\u00ed, tu\u017eby. Pat\u0159\u00edm ke generaci, kter\u00e9 bylo v\u0161t\u011bpov\u00e1no paradigma o prosp\u011b\u0161nosti vstupu na\u0161\u00ed zem\u011b do mezin\u00e1rodn\u00edch organizac\u00ed. Kolikr\u00e1t s vysv\u011btlen\u00edm, \u017ee co se \u201en\u00e1m\u201c kdysi p\u0159ihodilo zl\u00e9ho, se t\u00edm p\u00e1dem u\u017e nikdy nem\u016f\u017ee opakovat. P\u0159i obhajob\u011b tohoto postupu jsem sl\u00fdch\u00e1val, \u017ee jde o jedinou mo\u017enou a spr\u00e1vnou cestu, alternativy nejsou, chceme-li si uchovat demokracii a svobodu, pak\u2026 Asi to zn\u00e1te. Z\u00e1rove\u0148 jsem naslouchal i hlasu (v\u011b\u010dn\u00fdch) kritik\u016f, \u017ee p\u0159\u00edli\u0161n\u00e1 d\u016fv\u011bra nen\u00ed na m\u00edst\u011b, proto\u017ee kdy\u017e se \u201eti velc\u00ed\u201c dohodnou, tak my mal\u00ed to stejn\u011b odsk\u00e1\u010deme. Inu, v\u0161e je relativn\u00ed. Dynamika v\u00fdvoje m\u00e1 sv\u00e1 pravidla, jen\u017ee ta se m\u011bn\u00ed n\u011bkdy p\u0159ekvapiv\u011b rychle a co platilo v\u010dera u\u017e z\u00edtra platit nemus\u00ed. Spojenectv\u00ed se obnovuj\u00ed, ale taky ru\u0161\u00ed, p\u0159\u00e1tel\u00e9 se opou\u0161t\u011bj\u00ed, zrazuj\u00ed, aby se hledali jin\u00ed, hodnoty a z\u00e1sady se oh\u00fdbaj\u00ed, jak se komu co hod\u00ed a nehod\u00ed. Nedivme se. Bylo to tak, co sv\u011bt sv\u011btem stoj\u00ed.<\/p>\n<p>K\u0159es\u0165an\u00e9 by asi jako pozorn\u00ed \u010dten\u00e1\u0159i Bible m\u011bli b\u00fdt p\u0159ece jen trochu otrlej\u0161\u00ed a p\u0159ipraven\u00ed na \u201ev\u0161echny\u201c mo\u017enosti. Tak\u00e9 bychom m\u011bli b\u00fdt nenapraviteln\u00fdmi optimisty, d\u00e1-li se tak s nads\u00e1zkou nazvat nositel nad\u011bje. Na jedn\u00e9 stran\u011b lid\u00e9 se sv\u00fdm zvl\u00e1\u0161tn\u00edm umem dov\u00e1d\u011bt v\u011bci do absurdity, p\u0159ekvapovat v pozitivn\u00edm i negativn\u00edm smyslu, poklonkovat i dr\u017eet hrd\u011b vzty\u010den\u00e1 \u010dela, na stran\u011b druh\u00e9 v\u011b\u0159\u00edme, \u017ee v\u0161e m\u00e1 v rukou dobr\u00fd B\u016fh.<\/p>\n<p>Je\u017e\u00ed\u0161 v Luk\u00e1\u0161ov\u011b pod\u00e1n\u00ed hovo\u0159\u00ed o marnotratn\u00e9m synu. Podobenstv\u00ed zn\u00e1me a jsme zara\u017eeni p\u0159edev\u0161\u00edm otcov\u00fdm p\u0159\u00edstupem. \u017de se syn sebere a jde na zku\u0161enou, a\u017e o v\u0161echno p\u0159ijde, n\u00e1m ciz\u00ed nen\u00ed. \u017de star\u0161\u00ed syn z\u016fst\u00e1v\u00e1 doma, n\u00e1deni\u010d\u00ed a hled\u00ed si sv\u00e9ho jist\u00e9ho \u2013 b\u011b\u017en\u00e1 v\u011bc. Jen n\u00e1vrat ztroskotance a v\u0159el\u00e9 p\u0159ijet\u00ed otcem v n\u00e1s vyvol\u00e1v\u00e1 ot\u00e1zky. Tak jedn\u00e1 B\u016fh. Milosrdn\u00fd a shov\u00edvav\u00fd. A my? P\u0159em\u00fd\u0161lejme o tom, co nos\u00edme v srdci, jak se projevujeme navenek, co sd\u011blujeme a jak\u00fdm t\u00f3nem. Nad\u011bje p\u0159ece plyne i z pozn\u00e1n\u00ed, \u017ee v\u017edycky m\u016f\u017eeme oslovit toho, kdo n\u00e1mi nepohrd\u00e1.<\/p>\n<p>Kdo jin\u00fd, ne\u017e na\u0161e mali\u010dkosti, by m\u011bl v dob\u011b st\u0159etu a rozvratu hl\u00e1sat dobro, pravdu a l\u00e1sku, po vzoru Kristov\u011b? V\u017edy\u0165 pok\u00e1n\u00ed nen\u00ed podlehnut\u00ed pesimismu, ale m\u00e1 v sob\u011b uschovanou i budouc\u00ed radost; blahoslaven\u00ed ti, kte\u0159\u00ed se vydali Bohu a poznali, \u017ee nen\u00ed nikdo z pozemsk\u00fdch vl\u00e1dc\u016f, kdo by se mu rovnal, proto\u017ee on a jedin\u011b on je opravdu dobr\u00fd a svat\u00fd.<\/p>\n<p>Vzpome\u0148me na slova proroka Abakuka (3, 17-18): I kdyby f\u00edkovn\u00edk nevypu\u010del, r\u00e9va nedala v\u00fdnos, selhala plodnost olivy, pole nevydala pokrm, z ohrady zmizel brav, ve chl\u00e9vech dobytek nebyl, j\u00e1 budu j\u00e1sotem oslavovat Hospodina, j\u00e1sat ke chv\u00e1le Boha, kter\u00fd je m\u00e1 sp\u00e1sa.<\/p>\n<p>Bu\u010fte dobr\u00e9 mysli! Pokoj a po\u017eehn\u00e1n\u00ed!<\/p>\n<p><em>Tom\u00e1\u0161 Chytil, biskup<\/em><br \/>\n<em>6. b\u0159ezna 2025, Den po Popele\u010dn\u00ed st\u0159ed\u011b<\/em><\/p>\n<\/div>\n<\/div>\n<p>&nbsp;<\/p>\n","protected":false},"excerpt":{"rendered":"<p>Past\u00fd\u0159sk\u00fd list k postn\u00ed dob\u011b olomouck\u00e9ho bratra biskupa Tom\u00e1\u0161e Chytila: Sestry a brat\u0159i, do postn\u00edho \u010dasu letos patrn\u011b vstupujeme rozechv\u011bni politickou, spole\u010denskou, kulturn\u00ed i n\u00e1bo\u017eenskou situac\u00ed tohoto sv\u011bta. D\u00e1le je [&hellip;]<\/p>\n","protected":false},"author":3,"featured_media":3226,"comment_status":"open","ping_status":"open","sticky":false,"template":"","format":"standard","meta":{"_price":"","_stock":"","_tribe_ticket_header":"","_tribe_default_ticket_provider":"","_tribe_ticket_capacity":"0","_ticket_start_date":"","_ticket_end_date":"","_tribe_ticket_show_description":"","_tribe_ticket_show_not_going":false,"_tribe_ticket_use_global_stock":"","_tribe_ticket_global_stock_level":"","_global_stock_mode":"","_global_stock_cap":"","_tribe_rsvp_for_event":"","_tribe_ticket_going_count":"","_tribe_ticket_not_going_count":"","_tribe_tickets_list":"[]","_tribe_ticket_has_attendee_info_fields":false,"footnotes":""},"categories":[23],"tags":[],"class_list":["post-3225","post","type-post","status-publish","format-standard","has-post-thumbnail","hentry","category-aktuality"],"_links":{"self":[{"href":"https:\/\/www.ccsholomouc.cz\/index.php?rest_route=\/wp\/v2\/posts\/3225","targetHints":{"allow":["GET"]}}],"collection":[{"href":"https:\/\/www.ccsholomouc.cz\/index.php?rest_route=\/wp\/v2\/posts"}],"about":[{"href":"https:\/\/www.ccsholomouc.cz\/index.php?rest_route=\/wp\/v2\/types\/post"}],"author":[{"embeddable":true,"href":"https:\/\/www.ccsholomouc.cz\/index.php?rest_route=\/wp\/v2\/users\/3"}],"replies":[{"embeddable":true,"href":"https:\/\/www.ccsholomouc.cz\/index.php?rest_route=%2Fwp%2Fv2%2Fcomments&post=3225"}],"version-history":[{"count":7,"href":"https:\/\/www.ccsholomouc.cz\/index.php?rest_route=\/wp\/v2\/posts\/3225\/revisions"}],"predecessor-version":[{"id":3228,"href":"https:\/\/www.ccsholomouc.cz\/index.php?rest_route=\/wp\/v2\/posts\/3225\/revisions\/3228"}],"wp:featuredmedia":[{"embeddable":true,"href":"https:\/\/www.ccsholomouc.cz\/index.php?rest_route=\/wp\/v2\/media\/3226"}],"wp:attachment":[{"href":"https:\/\/www.ccsholomouc.cz\/index.php?rest_route=%2Fwp%2Fv2%2Fmedia&parent=3225"}],"wp:term":[{"taxonomy":"category","embeddable":true,"href":"https:\/\/www.ccsholomouc.cz\/index.php?rest_route=%2Fwp%2Fv2%2Fcategories&post=3225"},{"taxonomy":"post_tag","embeddable":true,"href":"https:\/\/www.ccsholomouc.cz\/index.php?rest_route=%2Fwp%2Fv2%2Ftags&post=3225"}],"curies":[{"name":"wp","href":"https:\/\/api.w.org\/{rel}","templated":true}]}}