{"id":1688,"date":"2023-12-03T13:30:33","date_gmt":"2023-12-03T12:30:33","guid":{"rendered":"https:\/\/www.ccsholomouc.cz\/?p=1688"},"modified":"2024-04-04T13:31:03","modified_gmt":"2024-04-04T11:31:03","slug":"pastyrsky-list-k-adventu-2023","status":"publish","type":"post","link":"https:\/\/www.ccsholomouc.cz\/?p=1688","title":{"rendered":"Past\u00fd\u0159sk\u00fd list k adventu 2023"},"content":{"rendered":"<p class=\"has-text-align-center\"><strong>P\u0158IJDE, P\u0158IJDE, N\u00c1\u0160 SPASITEL<\/strong><\/p>\n<p class=\"has-text-align-center\">Milost v\u00e1m a pokoj od Boha Otce na\u0161eho a P\u00e1na Je\u017e\u00ed\u0161e Krista!<\/p>\n<div class=\"wp-block-image\">\n<figure class=\"alignleft size-full is-resized\"><a href=\"http:\/\/ccsholomouc.cz\/wp-content\/uploads\/2023\/12\/adv-3.jpg\"><img loading=\"lazy\" decoding=\"async\" class=\"wp-image-4058\" src=\"http:\/\/ccsholomouc.cz\/wp-content\/uploads\/2023\/12\/adv-3.jpg\" sizes=\"auto, (max-width: 325px) 100vw, 325px\" srcset=\"http:\/\/ccsholomouc.cz\/wp-content\/uploads\/2023\/12\/adv-3.jpg 500w, http:\/\/ccsholomouc.cz\/wp-content\/uploads\/2023\/12\/adv-3-300x237.jpg 300w\" alt=\"\" width=\"325\" height=\"257\" \/><\/a><\/figure>\n<\/div>\n<p class=\"has-text-align-left\">Sestry a brat\u0159i, zdrav\u00edm V\u00e1s v \u010dase, kdy op\u011bt vstupujeme do adventn\u00edho obdob\u00ed. Zaslibuje se n\u00e1m kr\u00e1sn\u00e1 budoucnost, proto\u017ee a jednodu\u0161e P\u00e1n p\u0159ijde! Ji\u017e staroz\u00e1konn\u00ed proroci m\u011bli vize slavn\u00e9 budoucnosti, co\u017e n\u00e1s nep\u0159est\u00e1v\u00e1 p\u0159ekvapovat, proto\u017ee mnohdy jejich p\u0159\u00edtomnost byla uboh\u00e1. A ta na\u0161e?<\/p>\n<p class=\"has-text-align-left\">Pokud mohu hovo\u0159it obecn\u011b, tak m\u00e1me zase o jeden po\u0159\u00e1dn\u011b rozjit\u0159en\u00fd konflikt na Bl\u00edzk\u00e9m V\u00fdchod\u011b nav\u00edc, trv\u00e1 v\u00e1lka na v\u00fdchod od na\u0161ich hranic a na z\u00e1padn\u00ed front\u011b zat\u00edm klid? Uvid\u00edme. V na\u0161\u00ed vlasti sledujeme p\u0159edpov\u011bdi odborn\u00edk\u016f v oblasti energetick\u00e9, ekonomick\u00e9, politick\u00e9. Jist\u00e9 dob\u0159e zorganizovan\u00e9 skupiny pracuj\u00edc\u00edch se pustily do st\u00e1vky za vy\u0161\u0161\u00ed platov\u00e9 ohodnocen\u00ed. Ale jinak m\u00e1me p\u0159\u00edle\u017eitost jako ka\u017edoro\u010dn\u011b projevit svou dobrotu a \u0161t\u011bdrost na nejr\u016fzn\u011bj\u0161\u00edch dobro\u010dinn\u00fdch akc\u00edch, proch\u00e1zet jarmarky i podivovat se nad z\u00e1\u0159\u00edc\u00edmi sv\u011bteln\u00fdmi symboly, v\u00edce \u010di m\u00e9n\u011b um\u011blecky zda\u0159il\u00fdmi. Hlavn\u011b, \u017ee sv\u00edt\u00ed. A v\u0161ichni tady v\u00edt\u00e1me zimu, mr\u00e1z i sn\u00edh, kter\u00e9 prov\u011b\u0159\u00ed na\u0161i odolnost.<\/p>\n<p class=\"has-text-align-left\">Adventn\u00ed doba klade na v\u011b\u0159\u00edc\u00ed lidi n\u00e1roky, ov\u0161em rozhodn\u011b tu nen\u00ed n\u00e1bo\u017eenstv\u00ed jako n\u011bco, co by v lidech m\u011blo udr\u017eovat strach a nejistotu. V\u00fdzva evangelia p\u0159ece zn\u00ed: Nebojte se! V\u017edy\u0165 advent poukazuje k pevn\u00e9mu bodu, kter\u00fd z\u016fst\u00e1v\u00e1, i kdy\u017e se kolem n\u00e1s i v n\u00e1s v\u0161e ot\u0159\u00e1s\u00e1 a chv\u011bje, a kter\u00fd se n\u00e1m p\u0159ibli\u017euje. Toto obdob\u00ed m\u00e1 p\u0159in\u00e9st zti\u0161en\u00ed a pokoj, aby \u010dlov\u011bk mohl l\u00e9pe a hloub\u011bji vn\u00edmat zv\u011bst o p\u0159\u00edchodu Spasitele. Jsme vyzv\u00e1ni k pok\u00e1n\u00ed, k up\u0159\u00edmnosti. Jestli\u017ee si n\u011bkdo st\u011b\u017euje, \u017ee p\u0159edv\u00e1no\u010dn\u00ed doba ho vysiluje a vy\u010derp\u00e1v\u00e1, pak se ale mus\u00ed pt\u00e1t sebe sama, kdo za to m\u016f\u017ee. Dosp\u011bl\u00fd \u010dlov\u011bk m\u00e1 p\u0159ece svobodu se rozhodnout, co a jak bude nebo nebude d\u011blat. Nen\u00ed nakonec tento \u010das i v\u00fdzvou k lep\u0161\u00edmu naslouch\u00e1n\u00ed ostatn\u00edm i sob\u011b?<\/p>\n<p class=\"has-text-align-left\">P\u00e1n p\u0159ijde. P\u0159ich\u00e1z\u00ed st\u00e1le. Je to tajemstv\u00ed. V\u00edme, \u017ee m\u00e1me \u017e\u00edt podle Bo\u017e\u00edho slova ji\u017e dnes. Pros\u00edme o moudrost a odvahu. O trp\u011blivost a um\u011bn\u00ed rozpozn\u00e1vat, kdy se zastavit a kdy se zase rozpohybovat. P\u0159ipom\u00edn\u00e1me si Je\u017e\u00ed\u0161\u016fv prvn\u00ed p\u0159\u00edchod v Betl\u00e9m\u011b, o\u010dek\u00e1v\u00e1me jeho druh\u00fd p\u0159\u00edchod, dovr\u0161en\u00ed v\u0161eho a z\u00e1rove\u0148 vn\u00edm\u00e1me a p\u0159ij\u00edm\u00e1me to, co n\u00e1m v ka\u017edou chv\u00edli d\u00e1v\u00e1, jak se v n\u00e1s st\u00e1le nov\u011b rod\u00ed a chce v n\u00e1s r\u016fst a n\u00e9st dobr\u00e9 plody. Pro\u010d mu to nedovolit?<\/p>\n<p class=\"has-text-align-left\">P\u0159ijde, p\u0159ijde n\u00e1\u0161 Spasitel, v\u0161ichni zaplesejme; p\u0159ijde, p\u0159ijde Vykupitel, chv\u00e1lu Bohu vzdejme!<\/p>\n<p class=\"has-text-align-left\">S\u00a0p\u0159\u00e1n\u00edm pokojn\u00e9ho a po\u017eehnan\u00e9ho \u010dasu adventn\u00edho<\/p>\n<p class=\"has-text-align-left\">2. 12. L.P. 2023<\/p>\n<p class=\"has-text-align-right\">Tom\u00e1\u0161 Chytil, biskup<\/p>\n","protected":false},"excerpt":{"rendered":"<p>P\u0158IJDE, P\u0158IJDE, N\u00c1\u0160 SPASITEL Milost v\u00e1m a pokoj od Boha Otce na\u0161eho a P\u00e1na Je\u017e\u00ed\u0161e Krista! Sestry a brat\u0159i, zdrav\u00edm V\u00e1s v \u010dase, kdy op\u011bt vstupujeme do adventn\u00edho obdob\u00ed. Zaslibuje [&hellip;]<\/p>\n","protected":false},"author":2,"featured_media":1689,"comment_status":"closed","ping_status":"open","sticky":false,"template":"","format":"standard","meta":{"_price":"","_stock":"","_tribe_ticket_header":"","_tribe_default_ticket_provider":"","_tribe_ticket_capacity":"0","_ticket_start_date":"","_ticket_end_date":"","_tribe_ticket_show_description":"","_tribe_ticket_show_not_going":false,"_tribe_ticket_use_global_stock":"","_tribe_ticket_global_stock_level":"","_global_stock_mode":"","_global_stock_cap":"","_tribe_rsvp_for_event":"","_tribe_ticket_going_count":"","_tribe_ticket_not_going_count":"","_tribe_tickets_list":"[]","_tribe_ticket_has_attendee_info_fields":false,"footnotes":""},"categories":[23],"tags":[],"class_list":["post-1688","post","type-post","status-publish","format-standard","has-post-thumbnail","hentry","category-aktuality"],"_links":{"self":[{"href":"https:\/\/www.ccsholomouc.cz\/index.php?rest_route=\/wp\/v2\/posts\/1688","targetHints":{"allow":["GET"]}}],"collection":[{"href":"https:\/\/www.ccsholomouc.cz\/index.php?rest_route=\/wp\/v2\/posts"}],"about":[{"href":"https:\/\/www.ccsholomouc.cz\/index.php?rest_route=\/wp\/v2\/types\/post"}],"author":[{"embeddable":true,"href":"https:\/\/www.ccsholomouc.cz\/index.php?rest_route=\/wp\/v2\/users\/2"}],"replies":[{"embeddable":true,"href":"https:\/\/www.ccsholomouc.cz\/index.php?rest_route=%2Fwp%2Fv2%2Fcomments&post=1688"}],"version-history":[{"count":2,"href":"https:\/\/www.ccsholomouc.cz\/index.php?rest_route=\/wp\/v2\/posts\/1688\/revisions"}],"predecessor-version":[{"id":1691,"href":"https:\/\/www.ccsholomouc.cz\/index.php?rest_route=\/wp\/v2\/posts\/1688\/revisions\/1691"}],"wp:featuredmedia":[{"embeddable":true,"href":"https:\/\/www.ccsholomouc.cz\/index.php?rest_route=\/wp\/v2\/media\/1689"}],"wp:attachment":[{"href":"https:\/\/www.ccsholomouc.cz\/index.php?rest_route=%2Fwp%2Fv2%2Fmedia&parent=1688"}],"wp:term":[{"taxonomy":"category","embeddable":true,"href":"https:\/\/www.ccsholomouc.cz\/index.php?rest_route=%2Fwp%2Fv2%2Fcategories&post=1688"},{"taxonomy":"post_tag","embeddable":true,"href":"https:\/\/www.ccsholomouc.cz\/index.php?rest_route=%2Fwp%2Fv2%2Ftags&post=1688"}],"curies":[{"name":"wp","href":"https:\/\/api.w.org\/{rel}","templated":true}]}}