{"id":1671,"date":"2023-10-30T13:22:22","date_gmt":"2023-10-30T12:22:22","guid":{"rendered":"https:\/\/www.ccsholomouc.cz\/?p=1671"},"modified":"2024-04-04T13:22:44","modified_gmt":"2024-04-04T11:22:44","slug":"modlitba-za-mrtve","status":"publish","type":"post","link":"https:\/\/www.ccsholomouc.cz\/?p=1671","title":{"rendered":"MODLITBA ZA MRTV\u00c9"},"content":{"rendered":"<p class=\"has-text-align-center\"><strong>Chci p\u0159ed Tebou, Pane,<\/strong><\/p>\n<p class=\"has-text-align-center\"><strong>vzpomenout na sv\u00e9 mrtv\u00e9.<\/strong><\/p>\n<p class=\"has-text-align-center\"><strong>Na v\u0161echny, kte\u0159\u00ed pat\u0159ili ke mn\u011b a ode\u0161li.<\/strong><\/p>\n<p class=\"has-text-align-center\"><strong>P\u0159ipad\u00e1 mi, jako by se mnou \u0161la \u017eivotem<\/strong><\/p>\n<p class=\"has-text-align-center\"><strong>velk\u00e1 skupina lid\u00ed<\/strong><\/p>\n<p class=\"has-text-align-center\"><strong>a ka\u017ed\u00fdm okam\u017eikem se n\u011bkdo ml\u010dky<\/strong><\/p>\n<p class=\"has-text-align-center\"><strong>odlou\u010dil, odbo\u010dil z cesty<\/strong><\/p>\n<p class=\"has-text-align-center\"><strong>a ztratil se ve tm\u011b.<\/strong><\/p>\n<p class=\"has-text-align-center\"><strong>Skupina je st\u00e1le men\u0161\u00ed a ti\u0161\u0161\u00ed<\/strong><\/p>\n<p class=\"has-text-align-center\"><strong>a jednoho dne tak\u00e9 j\u00e1 ml\u010dky odbo\u010d\u00edm.<\/strong><\/p>\n<p>&nbsp;<\/p>\n<p class=\"has-text-align-center\"><strong>Ti, kte\u0159\u00ed ode\u0161li, ml\u010d\u00ed. Napodobuj\u00ed tv\u00e9 ml\u010den\u00ed.<\/strong><\/p>\n<p class=\"has-text-align-center\"><strong>Z\u016fst\u00e1vaj\u00ed pro m\u011b skryt\u00ed, proto\u017ee ve\u0161li do<\/strong><\/p>\n<p class=\"has-text-align-center\"><strong>tv\u00e9ho \u017eivota. Slova jejich l\u00e1sky ke mn\u011b<\/strong><\/p>\n<p class=\"has-text-align-center\"><strong>splynula s j\u00e1sotem tv\u00e9 nekone\u010dn\u00e9 l\u00e1sky.<\/strong><\/p>\n<p class=\"has-text-align-center\"><strong>Zde na sv\u011bt\u011b se my lid\u00e9 ustaran\u011b<\/strong><\/p>\n<p class=\"has-text-align-center\"><strong>a usp\u011bchan\u011b uji\u0161\u0165ujeme o vz\u00e1jemn\u00e9 l\u00e1sce.<\/strong><\/p>\n<p class=\"has-text-align-center\"><strong>Ty v\u0161ak chce\u0161, abychom na d\u016fkaz v\u00edry<\/strong><\/p>\n<p class=\"has-text-align-center\"><strong>pomoc\u00ed skutk\u016f l\u00e1sky opustili sami sebe<\/strong><\/p>\n<p class=\"has-text-align-center\"><strong>a smysl sv\u00e9ho \u017eivota na\u0161li v Tv\u00e9m \u017eivot\u011b.<\/strong><\/p>\n<p class=\"has-text-align-center\"><strong>V n\u011bm \u017eij\u00ed ti, kte\u0159\u00ed n\u00e1s p\u0159ede\u0161li. Proto\u017ee \u017eij\u00ed,<\/strong><\/p>\n<p class=\"has-text-align-center\"><strong>ml\u010d\u00ed. My naproti tomu hlasit\u011b mluv\u00edme,<\/strong><\/p>\n<p class=\"has-text-align-center\"><strong>abychom zapomn\u011bli, \u017ee jsme smrteln\u00ed.<\/strong><\/p>\n<p>&nbsp;<\/p>\n<p class=\"has-text-align-center\"><strong>Karel Rahner: MODLITBA ZA MRTV\u00c9<\/strong><\/p>\n","protected":false},"excerpt":{"rendered":"<p>Chci p\u0159ed Tebou, Pane, vzpomenout na sv\u00e9 mrtv\u00e9. Na v\u0161echny, kte\u0159\u00ed pat\u0159ili ke mn\u011b a ode\u0161li. P\u0159ipad\u00e1 mi, jako by se mnou \u0161la \u017eivotem velk\u00e1 skupina lid\u00ed a ka\u017ed\u00fdm okam\u017eikem [&hellip;]<\/p>\n","protected":false},"author":2,"featured_media":0,"comment_status":"closed","ping_status":"open","sticky":false,"template":"","format":"standard","meta":{"_price":"","_stock":"","_tribe_ticket_header":"","_tribe_default_ticket_provider":"","_tribe_ticket_capacity":"0","_ticket_start_date":"","_ticket_end_date":"","_tribe_ticket_show_description":"","_tribe_ticket_show_not_going":false,"_tribe_ticket_use_global_stock":"","_tribe_ticket_global_stock_level":"","_global_stock_mode":"","_global_stock_cap":"","_tribe_rsvp_for_event":"","_tribe_ticket_going_count":"","_tribe_ticket_not_going_count":"","_tribe_tickets_list":"[]","_tribe_ticket_has_attendee_info_fields":false,"footnotes":""},"categories":[23],"tags":[],"class_list":["post-1671","post","type-post","status-publish","format-standard","hentry","category-aktuality"],"_links":{"self":[{"href":"https:\/\/www.ccsholomouc.cz\/index.php?rest_route=\/wp\/v2\/posts\/1671","targetHints":{"allow":["GET"]}}],"collection":[{"href":"https:\/\/www.ccsholomouc.cz\/index.php?rest_route=\/wp\/v2\/posts"}],"about":[{"href":"https:\/\/www.ccsholomouc.cz\/index.php?rest_route=\/wp\/v2\/types\/post"}],"author":[{"embeddable":true,"href":"https:\/\/www.ccsholomouc.cz\/index.php?rest_route=\/wp\/v2\/users\/2"}],"replies":[{"embeddable":true,"href":"https:\/\/www.ccsholomouc.cz\/index.php?rest_route=%2Fwp%2Fv2%2Fcomments&post=1671"}],"version-history":[{"count":2,"href":"https:\/\/www.ccsholomouc.cz\/index.php?rest_route=\/wp\/v2\/posts\/1671\/revisions"}],"predecessor-version":[{"id":1673,"href":"https:\/\/www.ccsholomouc.cz\/index.php?rest_route=\/wp\/v2\/posts\/1671\/revisions\/1673"}],"wp:attachment":[{"href":"https:\/\/www.ccsholomouc.cz\/index.php?rest_route=%2Fwp%2Fv2%2Fmedia&parent=1671"}],"wp:term":[{"taxonomy":"category","embeddable":true,"href":"https:\/\/www.ccsholomouc.cz\/index.php?rest_route=%2Fwp%2Fv2%2Fcategories&post=1671"},{"taxonomy":"post_tag","embeddable":true,"href":"https:\/\/www.ccsholomouc.cz\/index.php?rest_route=%2Fwp%2Fv2%2Ftags&post=1671"}],"curies":[{"name":"wp","href":"https:\/\/api.w.org\/{rel}","templated":true}]}}