{"id":1627,"date":"2023-07-09T12:02:16","date_gmt":"2023-07-09T10:02:16","guid":{"rendered":"https:\/\/www.ccsholomouc.cz\/?p=1627"},"modified":"2024-04-04T12:02:36","modified_gmt":"2024-04-04T10:02:36","slug":"motlitby-na-prazdniny","status":"publish","type":"post","link":"https:\/\/www.ccsholomouc.cz\/?p=1627","title":{"rendered":"Motlitby na pr\u00e1zdniny"},"content":{"rendered":"<p class=\"has-text-align-center\"><strong>Modlitby na pr\u00e1zdniny<\/strong><\/p>\n<p class=\"has-text-align-center\"><strong>Dobro\u0159e\u010dit budu Hospodinu v ka\u017ed\u00e9m \u010dase, z \u00fast mi bude zn\u00edt v\u017edy jeho chv\u00e1la. O Hospodinu mluv s chloubou, moje du\u0161e, a\u0165 to sly\u0161\u00ed pokorn\u00ed a raduj\u00ed se.<\/strong><\/p>\n<p class=\"has-text-align-right\"><strong>(\u017dalm 34, 1-2)<\/strong><\/p>\n<p class=\"has-text-align-left\">Pros\u00edme za v\u0161echny, kte\u0159\u00ed jsou upracovan\u00ed a pot\u0159ebuj\u00ed odpo\u010dinek; uchra\u0148 je od nehody a nebezpe\u010d\u00ed, a\u0165 pro\u017eij\u00ed kr\u00e1sn\u00e9 dny a spokojeni se vr\u00e1t\u00ed dom\u016f. <strong>Pane, smiluj se.<\/strong><\/p>\n<p class=\"has-text-align-left\">Za ty, kte\u0159\u00ed nemohou jet na dovolenou, proto\u017ee jsou p\u0159\u00edli\u0161 sta\u0159\u00ed nebo nemocn\u00ed nebo prost\u011b nemaj\u00ed dost pen\u011bz; dej, a\u0165 oni i my pozn\u00e1me, \u017ee \u017eivot m\u016f\u017ee b\u00fdt napln\u011bn\u00fd, i kdy\u017e p\u0159\u00e1n\u00ed z\u016fstanou nespln\u011bna.<\/p>\n<p class=\"has-text-align-left\">P\u0159ij\u010f na pomoc v\u0161em, kte\u0159\u00ed br\u00e1n\u00ed svoji vlast p\u0159ed v\u00e1le\u010dn\u00fdmi \u00fatoky, a ochra\u0148 na\u0161i zemi p\u0159ed hr\u016fzami v\u00e1lky.<\/p>\n<p class=\"has-text-align-left\">Pros\u00edme, aby se v na\u0161em spole\u010denstv\u00ed c\u00edtil dob\u0159e ka\u017ed\u00fd, kdo k n\u00e1m p\u0159ijde.<\/p>\n<p class=\"has-text-align-left\">Prosme o odvahu sv\u011bd\u010dit o sv\u00e9 v\u00ed\u0159e druh\u00fdm lidem.<\/p>\n<p class=\"has-text-align-left\">Prosme o vodu pro na\u0161i zemi a prosme o po\u017eehn\u00e1n\u00ed leto\u0161n\u00ed \u00farod\u011b.<\/p>\n<p class=\"has-text-align-left\">Abychom za Mariino mate\u0159stv\u00ed, kter\u00e9 bylo nad ka\u017ed\u00e9 po\u017eehn\u00e1no a vyvoleno, s uctivost\u00ed d\u011bkovali, modleme se k Hospodinu.<\/p>\n<p class=\"has-text-align-left\">Za na\u0161e sbory, domy modlitby, na\u0161e duchovn\u00ed domov, a\u0165 i nad\u00e1le slou\u017e\u00ed v\u011b\u0159\u00edc\u00edm k setk\u00e1n\u00ed s Tebou. Ochra\u0148uj n\u00e1\u0161 st\u00e1nek a v\u0161echny, kdo do n\u011bj s d\u016fv\u011brou vch\u00e1zej\u00ed a obracej\u00ed se k Tob\u011b.<\/p>\n<p class=\"has-text-align-left\">V\u0161em, kdo v na\u0161em spole\u010denstv\u00ed slav\u00ed v m\u011bs\u00edc\u00edch \u010dervenci a srpnu narozeniny, vypro\u0161ujeme zdrav\u00ed, \u0161t\u011bst\u00ed, radost, Bo\u017e\u00ed pokoj a po\u017eehn\u00e1n\u00ed!<\/p>\n<p class=\"has-text-align-left\"><strong>Skrze Krista, na\u0161eho P\u00e1na. Amen.<\/strong><\/p>\n<p>\u201eNapij se tam, kde pije k\u016f\u0148. K\u016f\u0148 \u0161patnou vodu nebude nikdy p\u00edt. Ustel si tam, kde le\u017e\u00ed ko\u010dka. Jez ovoce, kter\u00e9ho se dotkli \u010dervi. Neboj se hub, na kter\u00fdch sed\u00ed mu\u0161ky. Zasa\u010f strom, kde krtek krtince vytvo\u0159\u00ed. Postav d\u016fm na m\u00edst\u011b, kde se had na slunci vyh\u0159\u00edv\u00e1. Studnu kopej tam, kde si pt\u00e1k hn\u00edzdo v horku postav\u00ed. Vst\u00e1vej a ul\u00e9hej se slepicemi a bude\u0161 m\u00edt zlat\u00e9 zrno dne. Jez v\u00edce zelen\u00e9ho, bude\u0161 m\u00edt siln\u00e9 nohy a odoln\u00e9 srdce. Plavej \u010dast\u011bji a bude\u0161 se c\u00edtit na zemi jako ryba ve vod\u011b. \u010cast\u011bji pozoruj oblohu a nehle\u010f pod nohy a tvoje my\u0161lenky budou jasn\u00e9 a sv\u011btl\u00e9. V\u00edce ml\u010d, hovo\u0159 m\u00e9n\u011b a v tv\u00e9 du\u0161i zavl\u00e1dne pokoj.\u201c<\/p>\n<p class=\"has-text-align-right\">sv. Serafim Sarovsk\u00fd<\/p>\n<h1 class=\"wp-block-heading has-text-align-center\">MODLITBA NA PR\u00c1ZDNINY<\/h1>\n<p class=\"has-text-align-left\">Jsem \u0161\u0165astn\u00fd, m\u00e1m volno. \u010cas pro sebe, \u010das pro tebe.<\/p>\n<p class=\"has-text-align-left\">O\u010dek\u00e1v\u00e1m mnoho \u2013 slunce, oblaka, v\u00edtr, vodu, d\u00e1lky, p\u0159\u00e1tele.<\/p>\n<p class=\"has-text-align-left\">Otev\u0159i mi o\u010di pro kr\u00e1su sv\u00e9ho sv\u011bta, dej mi pozorn\u00fd sluch pro hlas stvo\u0159en\u00ed.<\/p>\n<p class=\"has-text-align-left\">D\u011bkuji ti za ty dny volnosti. Dej, a\u0165 nasb\u00edr\u00e1m s\u00edlu, abych byl laskav\u011bj\u0161\u00ed.<\/p>\n<p class=\"has-text-align-left\">Setk\u00e1m se s lidmi bl\u00edzk\u00fdmi i ciz\u00edmi, d\u011bkuji ti a pros\u00edm t\u011b, abych jim dovedl naslouchat,<\/p>\n<p class=\"has-text-align-left\">abych se p\u0159ibl\u00ed\u017eil jim i jejich sv\u011btu, abych jim porozum\u011bl, nebo\u0165 m\u00e1m \u010das.<\/p>\n<p class=\"has-text-align-left\">Dej mi slova a \u010diny, kter\u00e9 d\u00e1vaj\u00ed radost.<\/p>\n<p class=\"has-text-align-center\">Na v\u0161ech cest\u00e1ch a\u0165 je se mnou tv\u00e1 l\u00e1ska. Dej, a\u0165 se vr\u00e1t\u00edm dom\u016f bohat\u00fd zku\u0161enostmi a novou silou. Amen.<\/p>\n<p class=\"has-text-align-right\">Alfonso Pereira: My\u0161lenky a modlitby (Zvon, 1991)<\/p>\n","protected":false},"excerpt":{"rendered":"<p>Modlitby na pr\u00e1zdniny Dobro\u0159e\u010dit budu Hospodinu v ka\u017ed\u00e9m \u010dase, z \u00fast mi bude zn\u00edt v\u017edy jeho chv\u00e1la. O Hospodinu mluv s chloubou, moje du\u0161e, a\u0165 to sly\u0161\u00ed pokorn\u00ed a raduj\u00ed [&hellip;]<\/p>\n","protected":false},"author":2,"featured_media":0,"comment_status":"closed","ping_status":"open","sticky":false,"template":"","format":"standard","meta":{"_price":"","_stock":"","_tribe_ticket_header":"","_tribe_default_ticket_provider":"","_tribe_ticket_capacity":"0","_ticket_start_date":"","_ticket_end_date":"","_tribe_ticket_show_description":"","_tribe_ticket_show_not_going":false,"_tribe_ticket_use_global_stock":"","_tribe_ticket_global_stock_level":"","_global_stock_mode":"","_global_stock_cap":"","_tribe_rsvp_for_event":"","_tribe_ticket_going_count":"","_tribe_ticket_not_going_count":"","_tribe_tickets_list":"[]","_tribe_ticket_has_attendee_info_fields":false,"footnotes":""},"categories":[23],"tags":[],"class_list":["post-1627","post","type-post","status-publish","format-standard","hentry","category-aktuality"],"_links":{"self":[{"href":"https:\/\/www.ccsholomouc.cz\/index.php?rest_route=\/wp\/v2\/posts\/1627","targetHints":{"allow":["GET"]}}],"collection":[{"href":"https:\/\/www.ccsholomouc.cz\/index.php?rest_route=\/wp\/v2\/posts"}],"about":[{"href":"https:\/\/www.ccsholomouc.cz\/index.php?rest_route=\/wp\/v2\/types\/post"}],"author":[{"embeddable":true,"href":"https:\/\/www.ccsholomouc.cz\/index.php?rest_route=\/wp\/v2\/users\/2"}],"replies":[{"embeddable":true,"href":"https:\/\/www.ccsholomouc.cz\/index.php?rest_route=%2Fwp%2Fv2%2Fcomments&post=1627"}],"version-history":[{"count":2,"href":"https:\/\/www.ccsholomouc.cz\/index.php?rest_route=\/wp\/v2\/posts\/1627\/revisions"}],"predecessor-version":[{"id":1629,"href":"https:\/\/www.ccsholomouc.cz\/index.php?rest_route=\/wp\/v2\/posts\/1627\/revisions\/1629"}],"wp:attachment":[{"href":"https:\/\/www.ccsholomouc.cz\/index.php?rest_route=%2Fwp%2Fv2%2Fmedia&parent=1627"}],"wp:term":[{"taxonomy":"category","embeddable":true,"href":"https:\/\/www.ccsholomouc.cz\/index.php?rest_route=%2Fwp%2Fv2%2Fcategories&post=1627"},{"taxonomy":"post_tag","embeddable":true,"href":"https:\/\/www.ccsholomouc.cz\/index.php?rest_route=%2Fwp%2Fv2%2Ftags&post=1627"}],"curies":[{"name":"wp","href":"https:\/\/api.w.org\/{rel}","templated":true}]}}