{"id":1588,"date":"2023-04-08T10:56:58","date_gmt":"2023-04-08T08:56:58","guid":{"rendered":"https:\/\/www.ccsholomouc.cz\/?p=1588"},"modified":"2024-04-04T10:57:29","modified_gmt":"2024-04-04T08:57:29","slug":"pastoracni-list","status":"publish","type":"post","link":"https:\/\/www.ccsholomouc.cz\/?p=1588","title":{"rendered":"Pastora\u010dn\u00ed list"},"content":{"rendered":"<p><strong>T\u00e9\u017e my, zv\u011bst\u00ed obda\u0159eni, radujme se ze vzk\u0159\u00ed\u0161en\u00ed, j\u00edm\u017e pe\u010det\u00ed se spasen\u00ed!<\/strong><\/p>\n<p class=\"has-text-align-center\">(P\u00edse\u0148 \u010d. 256, Zp\u011bvn\u00edk C\u010cSH)<br \/>\n<a href=\"http:\/\/ccsholomouc.cz\/wp-content\/uploads\/2023\/04\/obrvel1-1.jpg\"><img loading=\"lazy\" decoding=\"async\" class=\"wp-image-3884\" src=\"http:\/\/ccsholomouc.cz\/wp-content\/uploads\/2023\/04\/obrvel1-1.jpg\" sizes=\"auto, (max-width: 500px) 100vw, 500px\" srcset=\"http:\/\/ccsholomouc.cz\/wp-content\/uploads\/2023\/04\/obrvel1-1.jpg 500w, http:\/\/ccsholomouc.cz\/wp-content\/uploads\/2023\/04\/obrvel1-1-300x225.jpg 300w\" alt=\"\" width=\"500\" height=\"375\" \/><\/a><\/p>\n<p class=\"has-text-align-left\">Velikonoce jsou pro k\u0159es\u0165anstvo velmi d\u016fle\u017eit\u00e9 sv\u00e1tky. Pro\u010d? Proto\u017ee to byly velmi d\u016fle\u017eit\u00e9 sv\u00e1tky pro samotn\u00e9ho Je\u017e\u00ed\u0161e Krista! Kdy\u017e jde o \u017eivot, nikdy nejde o trivi\u00e1ln\u00ed z\u00e1le\u017eitost. Jak p\u0159istoupit k\u00a0on\u011bm ud\u00e1lostem v\u00a0Jeruzal\u00e9m\u011b prizmatem 21. stolet\u00ed? Jak s\u00a0v\u011b\u0159\u00edc\u00edmi, p\u0159ich\u00e1zej\u00edc\u00edmi do na\u0161ich sbor\u016f, modliteben a kostel\u016f sd\u00edlet podivuhodnou cestu, op\u0159edenou neodbytn\u00fdm tajemstv\u00edm a\u00a0nekone\u010dn\u00fdm rozm\u011brem l\u00e1sky?<\/p>\n<p class=\"has-text-align-left\">Za\u010d\u00e1tek Je\u017e\u00ed\u0161ov\u00fdch Velikonoc znamen\u00e1, \u017ee se vyhrot\u00ed propast a nedorozum\u011bn\u00ed mezi n\u00edm a ostatn\u00edmi. Je zde nepochopen\u00ed a odm\u00edtnut\u00ed jeho cesty, dokonce nepochopen\u00ed vlastn\u00edmi u\u010dedn\u00edky. Mysl\u00edm, \u017ee s\u00a0t\u00edm z\u00e1pas\u00edme v\u0161ichni. D\u00edky opakov\u00e1n\u00ed, zp\u0159\u00edtom\u0148ov\u00e1n\u00ed, hled\u00e1n\u00ed a nal\u00e9z\u00e1n\u00ed st\u00e1le objevujeme pravou hodnotu Kristova sp\u00e1sn\u00e9ho d\u00edla.<\/p>\n<p class=\"has-text-align-left\">V\u00a0zajet\u00fdch p\u0159edstav\u00e1ch, dobov\u00fdch kli\u0161\u00e9 a podm\u00edn\u011bni trendy jsme vyzv\u00e1ni k\u00a0prohl\u00e9dnut\u00ed. Toto je Kristus, Mesi\u00e1\u0161, ale na\u0161e o\u010di jsou po\u0159\u00e1d jen o\u010di oby\u010dejn\u00fdch lid\u00ed, kte\u0159\u00ed pot\u0159ebuj\u00ed k\u00a0v\u00ed\u0159e, nad\u011bji a l\u00e1sce v\u00edc. Pomoc sh\u016fry, z oblak. Dar proz\u0159en\u00ed. Proto\u017ee jinak jde o \u010dir\u00fd nerozum, nem\u00e1 to logiku a konec je opravdu hodn\u011b \u0161patn\u00fd. Proto neust\u00e1le pros\u00edme o to, aby n\u00e1m Je\u017e\u00ed\u0161 o\u010di otev\u0159el, pak se n\u00e1\u0161 zrak zaost\u0159\u00ed a Kristus vprost\u0159ed n\u00e1s. Pros\u00edme o milost Ducha svat\u00e9ho, R\u00e1dce a P\u0159\u00edmluvce. Pros\u00edme o odvahu, o s\u00edlu k\u00a0sebezap\u0159en\u00ed a n\u00e1sledov\u00e1n\u00ed.<\/p>\n<p class=\"has-text-align-left\">B\u016fh zve ke sv\u00e9mu d\u00edlu lidi. Je to n\u011bkdy po\u0159\u00e1dn\u00e9 dobrodru\u017estv\u00ed, fi\u010d\u00e1k, chcete-li. B\u00fdt k\u0159es\u0165anem nen\u00ed snadn\u00e9, city jsou vrtkav\u00e9, obavy svazuj\u00edc\u00ed, skute\u010dnost mnohdy \u0161okuj\u00edc\u00ed a paradox\u016f tolik, \u017ee nevych\u00e1z\u00edme z\u00a0\u00fadivu. Tak jako v\u00a0dubnu 2013, kdy jsme m\u011bli velikono\u010dn\u00ed sv\u00e1tky na sn\u011bhu .<\/p>\n<p class=\"has-text-align-left\">A p\u0159ece se n\u00e1m stalo, \u017ee jsme uv\u011b\u0159ili. P\u0159ijali jsme posl\u00e1n\u00ed b\u00fdt poslu\u0161n\u00ed Bo\u017e\u00ed v\u016fle po vzoru Kristov\u011b. Osobn\u011b jsme ka\u017ed\u00fd z\u00a0n\u00e1s \u0159ekli: Ano. Jsme spolupracovn\u00edky a m\u016f\u017eeme dob\u0159e p\u0159isp\u011bt, pokud si p\u0159ese v\u0161echno zachov\u00e1me nad\u011bji. Abstraktn\u00ed \u0159e\u010di o tom, jak je t\u0159eba zlep\u0161it sv\u011bt, ni\u010demu neprosp\u011bj\u00ed, krom toho, \u017ee si n\u011bkte\u0159\u00ed ulev\u00ed. Je pot\u0159eba konkr\u00e9tn\u00edch \u010din\u016f. To je ono \u2013 ud\u011blat v\u00a0tu pravou chv\u00edli konkr\u00e9tn\u00ed \u010din l\u00e1sky, pomoci. P\u0159ekonat sv\u00e9 touhy, opustit pl\u00e1ny a dok\u00e1zat se vzd\u00e1t vl\u00e1dy nad vlastn\u00edm \u017eivotem.<\/p>\n<p class=\"has-text-align-left\">Prvn\u00ed k\u0159es\u0165an\u00e9 se zdravili jednoduch\u00fdm vyzn\u00e1n\u00edm Je\u017e\u00ed\u0161 je P\u00e1n, nebo Je\u017e\u00ed\u0161 \u017eije. Mnoz\u00ed lid\u00e9 maj\u00ed sv\u00e1 srdce zavalen\u00e1 kamenem, a to jim br\u00e1n\u00ed pro\u017e\u00edt setk\u00e1n\u00ed s P\u00e1nem \u017eivota. I na\u0161e srdce jsou \u010dasto zavalena kamenem, kter\u00fd n\u00e1m br\u00e1n\u00ed pln\u011b \u017e\u00edt svou v\u00edru a vkl\u00e1dat v\u0161echnu nad\u011bji v to, \u017ee Vzk\u0159\u00ed\u0161en\u00fd je skute\u010dn\u011b p\u0159\u00edtomen. Zkusme otev\u0159\u00edt na\u0161e srdce a radostn\u011b vyznejme: P\u00e1n vstal! On opravdu vstal!<\/p>\n<p class=\"has-text-align-left\">Aleluja, chv\u00e1la Bohu, proto\u017ee P\u00e1n Je\u017e\u00ed\u0161 p\u0159emohl smrt a \u017eije! Aleluja!<\/p>\n<p class=\"has-text-align-left\">P\u0159eji V\u00e1m radostn\u00fd a po\u017eehnan\u00fd \u010das Velikonoc!<\/p>\n<p class=\"has-text-align-left\">Ve Svat\u00fd t\u00fdden 2023 Tom\u00e1\u0161 Chytil, biskup<\/p>\n","protected":false},"excerpt":{"rendered":"<p>T\u00e9\u017e my, zv\u011bst\u00ed obda\u0159eni, radujme se ze vzk\u0159\u00ed\u0161en\u00ed, j\u00edm\u017e pe\u010det\u00ed se spasen\u00ed! (P\u00edse\u0148 \u010d. 256, Zp\u011bvn\u00edk C\u010cSH) Velikonoce jsou pro k\u0159es\u0165anstvo velmi d\u016fle\u017eit\u00e9 sv\u00e1tky. Pro\u010d? Proto\u017ee to byly velmi d\u016fle\u017eit\u00e9 [&hellip;]<\/p>\n","protected":false},"author":2,"featured_media":1589,"comment_status":"closed","ping_status":"open","sticky":false,"template":"","format":"standard","meta":{"_price":"","_stock":"","_tribe_ticket_header":"","_tribe_default_ticket_provider":"","_tribe_ticket_capacity":"0","_ticket_start_date":"","_ticket_end_date":"","_tribe_ticket_show_description":"","_tribe_ticket_show_not_going":false,"_tribe_ticket_use_global_stock":"","_tribe_ticket_global_stock_level":"","_global_stock_mode":"","_global_stock_cap":"","_tribe_rsvp_for_event":"","_tribe_ticket_going_count":"","_tribe_ticket_not_going_count":"","_tribe_tickets_list":"[]","_tribe_ticket_has_attendee_info_fields":false,"footnotes":""},"categories":[23],"tags":[],"class_list":["post-1588","post","type-post","status-publish","format-standard","has-post-thumbnail","hentry","category-aktuality"],"_links":{"self":[{"href":"https:\/\/www.ccsholomouc.cz\/index.php?rest_route=\/wp\/v2\/posts\/1588","targetHints":{"allow":["GET"]}}],"collection":[{"href":"https:\/\/www.ccsholomouc.cz\/index.php?rest_route=\/wp\/v2\/posts"}],"about":[{"href":"https:\/\/www.ccsholomouc.cz\/index.php?rest_route=\/wp\/v2\/types\/post"}],"author":[{"embeddable":true,"href":"https:\/\/www.ccsholomouc.cz\/index.php?rest_route=\/wp\/v2\/users\/2"}],"replies":[{"embeddable":true,"href":"https:\/\/www.ccsholomouc.cz\/index.php?rest_route=%2Fwp%2Fv2%2Fcomments&post=1588"}],"version-history":[{"count":2,"href":"https:\/\/www.ccsholomouc.cz\/index.php?rest_route=\/wp\/v2\/posts\/1588\/revisions"}],"predecessor-version":[{"id":1591,"href":"https:\/\/www.ccsholomouc.cz\/index.php?rest_route=\/wp\/v2\/posts\/1588\/revisions\/1591"}],"wp:featuredmedia":[{"embeddable":true,"href":"https:\/\/www.ccsholomouc.cz\/index.php?rest_route=\/wp\/v2\/media\/1589"}],"wp:attachment":[{"href":"https:\/\/www.ccsholomouc.cz\/index.php?rest_route=%2Fwp%2Fv2%2Fmedia&parent=1588"}],"wp:term":[{"taxonomy":"category","embeddable":true,"href":"https:\/\/www.ccsholomouc.cz\/index.php?rest_route=%2Fwp%2Fv2%2Fcategories&post=1588"},{"taxonomy":"post_tag","embeddable":true,"href":"https:\/\/www.ccsholomouc.cz\/index.php?rest_route=%2Fwp%2Fv2%2Ftags&post=1588"}],"curies":[{"name":"wp","href":"https:\/\/api.w.org\/{rel}","templated":true}]}}